{"id":8377,"date":"2014-07-25T15:44:23","date_gmt":"2014-07-25T19:44:23","guid":{"rendered":"http:\/\/cna.ca\/?post_type=news&#038;p=8377"},"modified":"2020-03-10T13:55:28","modified_gmt":"2020-03-10T17:55:28","slug":"les-nations-unies-ne-prevoient-aucune-augmentation-des-taux-de-cancer-futurs-attribuable-aux-rayonnements-emis-fukushima","status":"publish","type":"post","link":"https:\/\/cna.ca\/fr\/2014\/07\/25\/les-nations-unies-ne-prevoient-aucune-augmentation-des-taux-de-cancer-futurs-attribuable-aux-rayonnements-emis-fukushima\/","title":{"rendered":"Les Nations Unies ne pr\u00e9voient aucune augmentation des taux de cancer futurs attribuable aux rayonnements \u00e9mis \u00e0&nbsp;Fukushima"},"content":{"rendered":"<p><strong>juillet 2014<\/strong><\/p>\n<p><img decoding=\"async\" class=\"alignright size-full wp-image-8051\" src=\"https:\/\/cna.ca\/wp-content\/uploads\/2014\/10\/Thyroid-scan.jpg\" alt=\"Thyroid scan\" width=\"394\" \/><\/p>\n<p>En avril, les Nations Unies ont publi\u00e9 un rapport qui d\u00e9boulonne l\u2019un des mythes les plus r\u00e9pandus concernant la fusion du c\u0153ur du r\u00e9acteur de Fukushima en 2011, mais les m\u00e9dias n\u2019en ont gu\u00e8re parl\u00e9.<\/p>\n<p>Le Comit\u00e9 scientifique des Nations Unies pour l\u2019\u00e9tude des effets des rayonnements ionisants (UNSCEAR) a affirm\u00e9 dans un <a href=\"http:\/\/www.unscear.org\/unscear\/en\/fukushima.html\">rapport<\/a> qu\u2019il ne pr\u00e9voyait aucune \u00ab\u00a0modification appr\u00e9ciable\u00a0\u00bb des taux de cancer futurs attribuable \u00e0 l\u2019exposition aux rayonnements \u00e9mis \u00e0 la suite de la fusion du c\u0153ur du r\u00e9acteur.<\/p>\n<p>La conclusion du rapport est la suivante\u00a0: \u00ab\u00a0S\u2019agissant des personnes du public, tant les doses re\u00e7ues au cours de la premi\u00e8re ann\u00e9e que celles estim\u00e9es pour la vie enti\u00e8re sont g\u00e9n\u00e9ralement faibles, voire tr\u00e8s faibles. Aucune augmentation perceptible de l\u2019incidence des effets li\u00e9s aux rayonnements ionisants sur la sant\u00e9 de ces personnes et de leurs descendants n\u2019est attendue.\u00a0\u00bb<\/p>\n<p>Le rapport \u00e9carte toute incidence n\u00e9gative des rayonnements sur la sant\u00e9, mais il signale que les habitants des secteurs touch\u00e9s par la fusion du c\u0153ur du r\u00e9acteur ne sont pas \u00e0 l\u2019abri d\u2019autres effets sur leur sant\u00e9.<\/p>\n<p>D\u2019apr\u00e8s le rapport, \u00ab\u00a0l\u2019effet sanitaire le plus important, qui affecte le bien-\u00eatre psychologique et social, est li\u00e9 \u00e0 l\u2019impact consid\u00e9rable du s\u00e9isme, du tsunami et de l\u2019accident nucl\u00e9aire, ainsi qu\u2019\u00e0 la peur et aux stigmates associ\u00e9s au risque subjectif d\u2019exposition aux rayonnements ionisants.<\/p>\n<p>\u00ab\u00a0Des effets tels que des d\u00e9pressions et des sympt\u00f4mes de stress post-traumatique ont d\u00e9j\u00e0 \u00e9t\u00e9 signal\u00e9s.\u00a0\u00bb<\/p>\n<p>La crainte de la radioexposition constitue donc un probl\u00e8me de sant\u00e9 davantage que la radioexposition proprement dite.<\/p>\n","protected":false},"excerpt":{"rendered":"<p>juillet 2014 En avril, les Nations Unies ont publi\u00e9 un rapport qui d\u00e9boulonne l\u2019un des mythes les plus r\u00e9pandus concernant la fusion du c\u0153ur du r\u00e9acteur de Fukushima en 2011, mais les m\u00e9dias n\u2019en ont gu\u00e8re parl\u00e9. Le Comit\u00e9 scientifique des Nations Unies pour l\u2019\u00e9tude des effets des rayonnements ionisants (UNSCEAR) a affirm\u00e9 dans un [&hellip;]<\/p>\n","protected":false},"author":1,"featured_media":14208,"comment_status":"closed","ping_status":"closed","sticky":false,"template":"","format":"standard","meta":{"_acf_changed":false,"footnotes":""},"categories":[391],"tags":[],"topic":[],"class_list":["post-8377","post","type-post","status-publish","format-standard","has-post-thumbnail","hentry","category-la-surete"],"acf":[],"yoast_head":"<!-- This site is optimized with the Yoast SEO plugin v27.5 - https:\/\/yoast.com\/product\/yoast-seo-wordpress\/ -->\n<title>Les Nations Unies ne pr\u00e9voient aucune augmentation des taux de cancer futurs attribuable aux rayonnements \u00e9mis \u00e0 Fukushima - Association nucl\u00e9aire canadienne<\/title>\n<meta name=\"robots\" content=\"index, follow, max-snippet:-1, max-image-preview:large, max-video-preview:-1\" \/>\n<link rel=\"canonical\" href=\"https:\/\/cna.ca\/fr\/2014\/07\/25\/les-nations-unies-ne-prevoient-aucune-augmentation-des-taux-de-cancer-futurs-attribuable-aux-rayonnements-emis-fukushima\/\" \/>\n<meta property=\"og:locale\" content=\"fr_FR\" \/>\n<meta property=\"og:type\" content=\"article\" \/>\n<meta property=\"og:title\" content=\"Les Nations Unies ne pr\u00e9voient aucune augmentation des taux de cancer futurs attribuable aux rayonnements \u00e9mis \u00e0 Fukushima - Association nucl\u00e9aire canadienne\" \/>\n<meta property=\"og:description\" content=\"juillet 2014 En avril, les Nations Unies ont publi\u00e9 un rapport qui d\u00e9boulonne l\u2019un des mythes les plus r\u00e9pandus concernant la fusion du c\u0153ur du r\u00e9acteur de Fukushima en 2011, mais les m\u00e9dias n\u2019en ont gu\u00e8re parl\u00e9. Le Comit\u00e9 scientifique des Nations Unies pour l\u2019\u00e9tude des effets des rayonnements ionisants (UNSCEAR) a affirm\u00e9 dans un [&hellip;]\" \/>\n<meta property=\"og:url\" content=\"https:\/\/cna.ca\/fr\/2014\/07\/25\/les-nations-unies-ne-prevoient-aucune-augmentation-des-taux-de-cancer-futurs-attribuable-aux-rayonnements-emis-fukushima\/\" \/>\n<meta property=\"og:site_name\" content=\"Association nucl\u00e9aire canadienne\" \/>\n<meta property=\"article:publisher\" content=\"http:\/\/www.facebook.com\/canadanuclear\" \/>\n<meta property=\"article:published_time\" content=\"2014-07-25T19:44:23+00:00\" \/>\n<meta property=\"article:modified_time\" content=\"2020-03-10T17:55:28+00:00\" \/>\n<meta property=\"og:image\" content=\"https:\/\/cna.ca\/wp-content\/uploads\/2014\/10\/Thyroid-scan.jpg\" \/>\n\t<meta property=\"og:image:width\" content=\"828\" \/>\n\t<meta property=\"og:image:height\" content=\"580\" \/>\n\t<meta property=\"og:image:type\" content=\"image\/jpeg\" \/>\n<meta name=\"author\" content=\"cna_admin\" \/>\n<meta name=\"twitter:label1\" content=\"Written by\" \/>\n\t<meta name=\"twitter:data1\" content=\"cna_admin\" \/>\n\t<meta name=\"twitter:label2\" content=\"Est. reading time\" \/>\n\t<meta name=\"twitter:data2\" content=\"1 minute\" \/>\n<script type=\"application\/ld+json\" class=\"yoast-schema-graph\">{\"@context\":\"https:\\\/\\\/schema.org\",\"@graph\":[{\"@type\":\"Article\",\"@id\":\"https:\\\/\\\/cna.ca\\\/fr\\\/2014\\\/07\\\/25\\\/les-nations-unies-ne-prevoient-aucune-augmentation-des-taux-de-cancer-futurs-attribuable-aux-rayonnements-emis-fukushima\\\/#article\",\"isPartOf\":{\"@id\":\"https:\\\/\\\/cna.ca\\\/fr\\\/2014\\\/07\\\/25\\\/les-nations-unies-ne-prevoient-aucune-augmentation-des-taux-de-cancer-futurs-attribuable-aux-rayonnements-emis-fukushima\\\/\"},\"author\":{\"name\":\"cna_admin\",\"@id\":\"https:\\\/\\\/cna.ca\\\/fr\\\/#\\\/schema\\\/person\\\/b0c8179b9b04ade90057bc7a30b2fbd2\"},\"headline\":\"Les Nations Unies ne pr\u00e9voient aucune augmentation des taux de cancer futurs attribuable aux rayonnements \u00e9mis \u00e0&nbsp;Fukushima\",\"datePublished\":\"2014-07-25T19:44:23+00:00\",\"dateModified\":\"2020-03-10T17:55:28+00:00\",\"mainEntityOfPage\":{\"@id\":\"https:\\\/\\\/cna.ca\\\/fr\\\/2014\\\/07\\\/25\\\/les-nations-unies-ne-prevoient-aucune-augmentation-des-taux-de-cancer-futurs-attribuable-aux-rayonnements-emis-fukushima\\\/\"},\"wordCount\":315,\"publisher\":{\"@id\":\"https:\\\/\\\/cna.ca\\\/fr\\\/#organization\"},\"image\":{\"@id\":\"https:\\\/\\\/cna.ca\\\/fr\\\/2014\\\/07\\\/25\\\/les-nations-unies-ne-prevoient-aucune-augmentation-des-taux-de-cancer-futurs-attribuable-aux-rayonnements-emis-fukushima\\\/#primaryimage\"},\"thumbnailUrl\":\"https:\\\/\\\/cna.ca\\\/wp-content\\\/uploads\\\/2014\\\/10\\\/Thyroid-scan.jpg\",\"articleSection\":[\"La s\u00fbret\u00e9\"],\"inLanguage\":\"fr-FR\"},{\"@type\":\"WebPage\",\"@id\":\"https:\\\/\\\/cna.ca\\\/fr\\\/2014\\\/07\\\/25\\\/les-nations-unies-ne-prevoient-aucune-augmentation-des-taux-de-cancer-futurs-attribuable-aux-rayonnements-emis-fukushima\\\/\",\"url\":\"https:\\\/\\\/cna.ca\\\/fr\\\/2014\\\/07\\\/25\\\/les-nations-unies-ne-prevoient-aucune-augmentation-des-taux-de-cancer-futurs-attribuable-aux-rayonnements-emis-fukushima\\\/\",\"name\":\"Les Nations Unies ne pr\u00e9voient aucune augmentation des taux de cancer futurs attribuable aux rayonnements \u00e9mis \u00e0 Fukushima - Association nucl\u00e9aire canadienne\",\"isPartOf\":{\"@id\":\"https:\\\/\\\/cna.ca\\\/fr\\\/#website\"},\"primaryImageOfPage\":{\"@id\":\"https:\\\/\\\/cna.ca\\\/fr\\\/2014\\\/07\\\/25\\\/les-nations-unies-ne-prevoient-aucune-augmentation-des-taux-de-cancer-futurs-attribuable-aux-rayonnements-emis-fukushima\\\/#primaryimage\"},\"image\":{\"@id\":\"https:\\\/\\\/cna.ca\\\/fr\\\/2014\\\/07\\\/25\\\/les-nations-unies-ne-prevoient-aucune-augmentation-des-taux-de-cancer-futurs-attribuable-aux-rayonnements-emis-fukushima\\\/#primaryimage\"},\"thumbnailUrl\":\"https:\\\/\\\/cna.ca\\\/wp-content\\\/uploads\\\/2014\\\/10\\\/Thyroid-scan.jpg\",\"datePublished\":\"2014-07-25T19:44:23+00:00\",\"dateModified\":\"2020-03-10T17:55:28+00:00\",\"breadcrumb\":{\"@id\":\"https:\\\/\\\/cna.ca\\\/fr\\\/2014\\\/07\\\/25\\\/les-nations-unies-ne-prevoient-aucune-augmentation-des-taux-de-cancer-futurs-attribuable-aux-rayonnements-emis-fukushima\\\/#breadcrumb\"},\"inLanguage\":\"fr-FR\",\"potentialAction\":[{\"@type\":\"ReadAction\",\"target\":[\"https:\\\/\\\/cna.ca\\\/fr\\\/2014\\\/07\\\/25\\\/les-nations-unies-ne-prevoient-aucune-augmentation-des-taux-de-cancer-futurs-attribuable-aux-rayonnements-emis-fukushima\\\/\"]}]},{\"@type\":\"ImageObject\",\"inLanguage\":\"fr-FR\",\"@id\":\"https:\\\/\\\/cna.ca\\\/fr\\\/2014\\\/07\\\/25\\\/les-nations-unies-ne-prevoient-aucune-augmentation-des-taux-de-cancer-futurs-attribuable-aux-rayonnements-emis-fukushima\\\/#primaryimage\",\"url\":\"https:\\\/\\\/cna.ca\\\/wp-content\\\/uploads\\\/2014\\\/10\\\/Thyroid-scan.jpg\",\"contentUrl\":\"https:\\\/\\\/cna.ca\\\/wp-content\\\/uploads\\\/2014\\\/10\\\/Thyroid-scan.jpg\",\"width\":828,\"height\":580},{\"@type\":\"BreadcrumbList\",\"@id\":\"https:\\\/\\\/cna.ca\\\/fr\\\/2014\\\/07\\\/25\\\/les-nations-unies-ne-prevoient-aucune-augmentation-des-taux-de-cancer-futurs-attribuable-aux-rayonnements-emis-fukushima\\\/#breadcrumb\",\"itemListElement\":[{\"@type\":\"ListItem\",\"position\":1,\"name\":\"Home\",\"item\":\"https:\\\/\\\/cna.ca\\\/fr\\\/\"},{\"@type\":\"ListItem\",\"position\":2,\"name\":\"Les Nations Unies ne pr\u00e9voient aucune augmentation des taux de cancer futurs attribuable aux rayonnements \u00e9mis \u00e0&nbsp;Fukushima\"}]},{\"@type\":\"WebSite\",\"@id\":\"https:\\\/\\\/cna.ca\\\/fr\\\/#website\",\"url\":\"https:\\\/\\\/cna.ca\\\/fr\\\/\",\"name\":\"Canadian Nuclear Association\",\"description\":\"The national voice of the Canadian nuclear industry since 1960\",\"publisher\":{\"@id\":\"https:\\\/\\\/cna.ca\\\/fr\\\/#organization\"},\"potentialAction\":[{\"@type\":\"SearchAction\",\"target\":{\"@type\":\"EntryPoint\",\"urlTemplate\":\"https:\\\/\\\/cna.ca\\\/fr\\\/?s={search_term_string}\"},\"query-input\":{\"@type\":\"PropertyValueSpecification\",\"valueRequired\":true,\"valueName\":\"search_term_string\"}}],\"inLanguage\":\"fr-FR\"},{\"@type\":\"Organization\",\"@id\":\"https:\\\/\\\/cna.ca\\\/fr\\\/#organization\",\"name\":\"Canadian Nuclear Association\",\"url\":\"https:\\\/\\\/cna.ca\\\/fr\\\/\",\"logo\":{\"@type\":\"ImageObject\",\"inLanguage\":\"fr-FR\",\"@id\":\"https:\\\/\\\/cna.ca\\\/fr\\\/#\\\/schema\\\/logo\\\/image\\\/\",\"url\":\"https:\\\/\\\/cna.ca\\\/wp-content\\\/uploads\\\/2023\\\/12\\\/cropped-cna-logo-only.png\",\"contentUrl\":\"https:\\\/\\\/cna.ca\\\/wp-content\\\/uploads\\\/2023\\\/12\\\/cropped-cna-logo-only.png\",\"width\":512,\"height\":512,\"caption\":\"Canadian Nuclear Association\"},\"image\":{\"@id\":\"https:\\\/\\\/cna.ca\\\/fr\\\/#\\\/schema\\\/logo\\\/image\\\/\"},\"sameAs\":[\"http:\\\/\\\/www.facebook.com\\\/canadanuclear\",\"https:\\\/\\\/x.com\\\/canadanuclear\",\"https:\\\/\\\/www.instagram.com\\\/canadanuclear\",\"https:\\\/\\\/www.youtube.com\\\/CanadaNuclear\",\"http:\\\/\\\/www.linkedin.com\\\/company\\\/canadian-nuclear-association\"]},{\"@type\":\"Person\",\"@id\":\"https:\\\/\\\/cna.ca\\\/fr\\\/#\\\/schema\\\/person\\\/b0c8179b9b04ade90057bc7a30b2fbd2\",\"name\":\"cna_admin\",\"url\":\"https:\\\/\\\/cna.ca\\\/fr\\\/author\\\/cna_admin\\\/\"}]}<\/script>\n<!-- \/ Yoast SEO plugin. -->","yoast_head_json":{"title":"Les Nations Unies ne pr\u00e9voient aucune augmentation des taux de cancer futurs attribuable aux rayonnements \u00e9mis \u00e0 Fukushima - Association nucl\u00e9aire canadienne","robots":{"index":"index","follow":"follow","max-snippet":"max-snippet:-1","max-image-preview":"max-image-preview:large","max-video-preview":"max-video-preview:-1"},"canonical":"https:\/\/cna.ca\/fr\/2014\/07\/25\/les-nations-unies-ne-prevoient-aucune-augmentation-des-taux-de-cancer-futurs-attribuable-aux-rayonnements-emis-fukushima\/","og_locale":"fr_FR","og_type":"article","og_title":"Les Nations Unies ne pr\u00e9voient aucune augmentation des taux de cancer futurs attribuable aux rayonnements \u00e9mis \u00e0 Fukushima - Association nucl\u00e9aire canadienne","og_description":"juillet 2014 En avril, les Nations Unies ont publi\u00e9 un rapport qui d\u00e9boulonne l\u2019un des mythes les plus r\u00e9pandus concernant la fusion du c\u0153ur du r\u00e9acteur de Fukushima en 2011, mais les m\u00e9dias n\u2019en ont gu\u00e8re parl\u00e9. Le Comit\u00e9 scientifique des Nations Unies pour l\u2019\u00e9tude des effets des rayonnements ionisants (UNSCEAR) a affirm\u00e9 dans un [&hellip;]","og_url":"https:\/\/cna.ca\/fr\/2014\/07\/25\/les-nations-unies-ne-prevoient-aucune-augmentation-des-taux-de-cancer-futurs-attribuable-aux-rayonnements-emis-fukushima\/","og_site_name":"Association nucl\u00e9aire canadienne","article_publisher":"http:\/\/www.facebook.com\/canadanuclear","article_published_time":"2014-07-25T19:44:23+00:00","article_modified_time":"2020-03-10T17:55:28+00:00","og_image":[{"width":828,"height":580,"url":"https:\/\/cna.ca\/wp-content\/uploads\/2014\/10\/Thyroid-scan.jpg","type":"image\/jpeg"}],"author":"cna_admin","twitter_misc":{"Written by":"cna_admin","Est. reading time":"1 minute"},"schema":{"@context":"https:\/\/schema.org","@graph":[{"@type":"Article","@id":"https:\/\/cna.ca\/fr\/2014\/07\/25\/les-nations-unies-ne-prevoient-aucune-augmentation-des-taux-de-cancer-futurs-attribuable-aux-rayonnements-emis-fukushima\/#article","isPartOf":{"@id":"https:\/\/cna.ca\/fr\/2014\/07\/25\/les-nations-unies-ne-prevoient-aucune-augmentation-des-taux-de-cancer-futurs-attribuable-aux-rayonnements-emis-fukushima\/"},"author":{"name":"cna_admin","@id":"https:\/\/cna.ca\/fr\/#\/schema\/person\/b0c8179b9b04ade90057bc7a30b2fbd2"},"headline":"Les Nations Unies ne pr\u00e9voient aucune augmentation des taux de cancer futurs attribuable aux rayonnements \u00e9mis \u00e0&nbsp;Fukushima","datePublished":"2014-07-25T19:44:23+00:00","dateModified":"2020-03-10T17:55:28+00:00","mainEntityOfPage":{"@id":"https:\/\/cna.ca\/fr\/2014\/07\/25\/les-nations-unies-ne-prevoient-aucune-augmentation-des-taux-de-cancer-futurs-attribuable-aux-rayonnements-emis-fukushima\/"},"wordCount":315,"publisher":{"@id":"https:\/\/cna.ca\/fr\/#organization"},"image":{"@id":"https:\/\/cna.ca\/fr\/2014\/07\/25\/les-nations-unies-ne-prevoient-aucune-augmentation-des-taux-de-cancer-futurs-attribuable-aux-rayonnements-emis-fukushima\/#primaryimage"},"thumbnailUrl":"https:\/\/cna.ca\/wp-content\/uploads\/2014\/10\/Thyroid-scan.jpg","articleSection":["La s\u00fbret\u00e9"],"inLanguage":"fr-FR"},{"@type":"WebPage","@id":"https:\/\/cna.ca\/fr\/2014\/07\/25\/les-nations-unies-ne-prevoient-aucune-augmentation-des-taux-de-cancer-futurs-attribuable-aux-rayonnements-emis-fukushima\/","url":"https:\/\/cna.ca\/fr\/2014\/07\/25\/les-nations-unies-ne-prevoient-aucune-augmentation-des-taux-de-cancer-futurs-attribuable-aux-rayonnements-emis-fukushima\/","name":"Les Nations Unies ne pr\u00e9voient aucune augmentation des taux de cancer futurs attribuable aux rayonnements \u00e9mis \u00e0 Fukushima - Association nucl\u00e9aire canadienne","isPartOf":{"@id":"https:\/\/cna.ca\/fr\/#website"},"primaryImageOfPage":{"@id":"https:\/\/cna.ca\/fr\/2014\/07\/25\/les-nations-unies-ne-prevoient-aucune-augmentation-des-taux-de-cancer-futurs-attribuable-aux-rayonnements-emis-fukushima\/#primaryimage"},"image":{"@id":"https:\/\/cna.ca\/fr\/2014\/07\/25\/les-nations-unies-ne-prevoient-aucune-augmentation-des-taux-de-cancer-futurs-attribuable-aux-rayonnements-emis-fukushima\/#primaryimage"},"thumbnailUrl":"https:\/\/cna.ca\/wp-content\/uploads\/2014\/10\/Thyroid-scan.jpg","datePublished":"2014-07-25T19:44:23+00:00","dateModified":"2020-03-10T17:55:28+00:00","breadcrumb":{"@id":"https:\/\/cna.ca\/fr\/2014\/07\/25\/les-nations-unies-ne-prevoient-aucune-augmentation-des-taux-de-cancer-futurs-attribuable-aux-rayonnements-emis-fukushima\/#breadcrumb"},"inLanguage":"fr-FR","potentialAction":[{"@type":"ReadAction","target":["https:\/\/cna.ca\/fr\/2014\/07\/25\/les-nations-unies-ne-prevoient-aucune-augmentation-des-taux-de-cancer-futurs-attribuable-aux-rayonnements-emis-fukushima\/"]}]},{"@type":"ImageObject","inLanguage":"fr-FR","@id":"https:\/\/cna.ca\/fr\/2014\/07\/25\/les-nations-unies-ne-prevoient-aucune-augmentation-des-taux-de-cancer-futurs-attribuable-aux-rayonnements-emis-fukushima\/#primaryimage","url":"https:\/\/cna.ca\/wp-content\/uploads\/2014\/10\/Thyroid-scan.jpg","contentUrl":"https:\/\/cna.ca\/wp-content\/uploads\/2014\/10\/Thyroid-scan.jpg","width":828,"height":580},{"@type":"BreadcrumbList","@id":"https:\/\/cna.ca\/fr\/2014\/07\/25\/les-nations-unies-ne-prevoient-aucune-augmentation-des-taux-de-cancer-futurs-attribuable-aux-rayonnements-emis-fukushima\/#breadcrumb","itemListElement":[{"@type":"ListItem","position":1,"name":"Home","item":"https:\/\/cna.ca\/fr\/"},{"@type":"ListItem","position":2,"name":"Les Nations Unies ne pr\u00e9voient aucune augmentation des taux de cancer futurs attribuable aux rayonnements \u00e9mis \u00e0&nbsp;Fukushima"}]},{"@type":"WebSite","@id":"https:\/\/cna.ca\/fr\/#website","url":"https:\/\/cna.ca\/fr\/","name":"Canadian Nuclear Association","description":"The national voice of the Canadian nuclear industry since 1960","publisher":{"@id":"https:\/\/cna.ca\/fr\/#organization"},"potentialAction":[{"@type":"SearchAction","target":{"@type":"EntryPoint","urlTemplate":"https:\/\/cna.ca\/fr\/?s={search_term_string}"},"query-input":{"@type":"PropertyValueSpecification","valueRequired":true,"valueName":"search_term_string"}}],"inLanguage":"fr-FR"},{"@type":"Organization","@id":"https:\/\/cna.ca\/fr\/#organization","name":"Canadian Nuclear Association","url":"https:\/\/cna.ca\/fr\/","logo":{"@type":"ImageObject","inLanguage":"fr-FR","@id":"https:\/\/cna.ca\/fr\/#\/schema\/logo\/image\/","url":"https:\/\/cna.ca\/wp-content\/uploads\/2023\/12\/cropped-cna-logo-only.png","contentUrl":"https:\/\/cna.ca\/wp-content\/uploads\/2023\/12\/cropped-cna-logo-only.png","width":512,"height":512,"caption":"Canadian Nuclear Association"},"image":{"@id":"https:\/\/cna.ca\/fr\/#\/schema\/logo\/image\/"},"sameAs":["http:\/\/www.facebook.com\/canadanuclear","https:\/\/x.com\/canadanuclear","https:\/\/www.instagram.com\/canadanuclear","https:\/\/www.youtube.com\/CanadaNuclear","http:\/\/www.linkedin.com\/company\/canadian-nuclear-association"]},{"@type":"Person","@id":"https:\/\/cna.ca\/fr\/#\/schema\/person\/b0c8179b9b04ade90057bc7a30b2fbd2","name":"cna_admin","url":"https:\/\/cna.ca\/fr\/author\/cna_admin\/"}]}},"_links":{"self":[{"href":"https:\/\/cna.ca\/fr\/wp-json\/wp\/v2\/posts\/8377","targetHints":{"allow":["GET"]}}],"collection":[{"href":"https:\/\/cna.ca\/fr\/wp-json\/wp\/v2\/posts"}],"about":[{"href":"https:\/\/cna.ca\/fr\/wp-json\/wp\/v2\/types\/post"}],"author":[{"embeddable":true,"href":"https:\/\/cna.ca\/fr\/wp-json\/wp\/v2\/users\/1"}],"replies":[{"embeddable":true,"href":"https:\/\/cna.ca\/fr\/wp-json\/wp\/v2\/comments?post=8377"}],"version-history":[{"count":2,"href":"https:\/\/cna.ca\/fr\/wp-json\/wp\/v2\/posts\/8377\/revisions"}],"predecessor-version":[{"id":25686,"href":"https:\/\/cna.ca\/fr\/wp-json\/wp\/v2\/posts\/8377\/revisions\/25686"}],"wp:featuredmedia":[{"embeddable":true,"href":"https:\/\/cna.ca\/fr\/wp-json\/wp\/v2\/media\/14208"}],"wp:attachment":[{"href":"https:\/\/cna.ca\/fr\/wp-json\/wp\/v2\/media?parent=8377"}],"wp:term":[{"taxonomy":"category","embeddable":true,"href":"https:\/\/cna.ca\/fr\/wp-json\/wp\/v2\/categories?post=8377"},{"taxonomy":"post_tag","embeddable":true,"href":"https:\/\/cna.ca\/fr\/wp-json\/wp\/v2\/tags?post=8377"},{"taxonomy":"topic","embeddable":true,"href":"https:\/\/cna.ca\/fr\/wp-json\/wp\/v2\/topic?post=8377"}],"curies":[{"name":"wp","href":"https:\/\/api.w.org\/{rel}","templated":true}]}}