{"id":7771,"date":"2010-06-15T01:00:56","date_gmt":"2010-06-15T05:00:56","guid":{"rendered":"http:\/\/cna.ca\/?post_type=news&#038;p=7771"},"modified":"2020-03-10T13:55:37","modified_gmt":"2020-03-10T17:55:37","slug":"memoire-presente-a-les-reseaux-de-systemes-energetiques-de-lavenir-a-loccasion-du-forum-canadien-sur-lenergie","status":"publish","type":"post","link":"https:\/\/cna.ca\/fr\/2010\/06\/15\/memoire-presente-a-les-reseaux-de-systemes-energetiques-de-lavenir-a-loccasion-du-forum-canadien-sur-lenergie\/","title":{"rendered":"M\u00e9moire pr\u00e9sent\u00e9 dans le cadre du panel \u00ab Les &#8220;r\u00e9seaux&#8221; de syst\u00e8mes \u00e9nerg\u00e9tiques de l\u2019avenir \u00bb \u00e0 l\u2019occasion du Forum canadien sur&nbsp;l\u2019\u00e9nergie"},"content":{"rendered":"<p><strong>M\u00e9moire pr\u00e9sent\u00e9 par Denise Carpenter,\u00a0pr\u00e9sidente et chef de la direction, Association nucl\u00e9aire canadienne<br \/>\ndans le cadre du panel \u00ab\u00a0Les &#8220;r\u00e9seaux&#8221; de syst\u00e8mes \u00e9nerg\u00e9tiques de l\u2019avenir\u00a0\u00bb \u00e0 l\u2019occasion du Forum canadien sur l\u2019\u00e9nergie tenu par le Conseil canadien de l\u2019\u00e9nergie<br \/>\nle 15 juin 2010<\/strong><\/p>\n<p>Bonjour,<\/p>\n<p>Je suis tr\u00e8s heureuse de participer \u00e0 ce panel en compagnie des pr\u00e9sidents d\u2019autres associations canadiennes du secteur de l\u2019\u00e9nergie. Il y a tout juste six mois que j\u2019occupe le poste de pr\u00e9sidente et chef de la direction de l\u2019Association nucl\u00e9aire canadienne \u2013 l\u2019ANC \u2013 et je suis encore en pleine p\u00e9riode d\u2019apprentissage. Avant d\u2019entrer \u00e0 l\u2019ANC, je travaillais pour EPCOR, \u00e0 Edmonton, o\u00f9 j\u2019ai eu la chance d\u2019acqu\u00e9rir un bon bagage dans les secteurs de l\u2019\u00e9nergie et de l\u2019\u00e9lectricit\u00e9.<\/p>\n<p>L\u2019ANC compte environ 95 membres qui repr\u00e9sentent l\u2019ensemble de l\u2019industrie nucl\u00e9aire, notamment des producteurs d\u2019\u00e9lectricit\u00e9, des fabricants d\u2019\u00e9quipement, des soci\u00e9t\u00e9s d\u2019extraction d\u2019uranium et de traitement du combustible, des syndicats, des soci\u00e9t\u00e9s d\u2019ing\u00e9nierie et le secteur de l\u2019enseignement.<\/p>\n<p>\u00c0 premi\u00e8re vue, il n\u2019y a aucun lien entre notre sujet d\u2019aujourd\u2019hui \u2013 \u00ab Les &#8220;r\u00e9seaux&#8221; de syst\u00e8mes \u00e9nerg\u00e9tiques de l&#8217;avenir \u00bb \u2013 et l\u2019\u00e9nergie nucl\u00e9aire. De nombreux membres de l\u2019ANC produisent de l\u2019\u00e9lectricit\u00e9, mais sans en faire le transport ni la distribution.<\/p>\n<p>Toutefois, en examinant la question d\u2019un peu plus pr\u00e8s, on constate que le secteur canadien de l\u2019\u00e9nergie nucl\u00e9aire apportera un pr\u00e9cieux appui aux r\u00e9seaux intelligents de demain.<\/p>\n<p>Ma d\u00e9claration d\u2019ouverture se divise en deux volets :<\/p>\n<ol>\n<li>Dans un premier temps, je donnerai un aper\u00e7u tr\u00e8s g\u00e9n\u00e9ral et sch\u00e9matique des r\u00e9seaux intelligents \u00e0 l\u2019intention de ceux d\u2019entre vous qui ne connaissent pas bien le concept. Comme nous nous trouvons en Ontario, je mettrai l\u2019accent sur les initiatives qui concernent les r\u00e9seaux intelligents dans cette province.<\/li>\n<li>J\u2019expliquerai ensuite le r\u00f4le essentiel que l\u2019\u00e9nergie nucl\u00e9aire aura \u00e0 jouer dans l\u2019am\u00e9nagement des r\u00e9seaux intelligents.<\/li>\n<\/ol>\n<p><strong>Qu\u2019est-ce qu\u2019un r\u00e9seau intelligent?<\/strong><\/p>\n<p>On dit qu\u2019un r\u00e9seau est intelligent quand il comporte un degr\u00e9 \u00e9lev\u00e9 d\u2019automatisation, une capacit\u00e9 de surveillance et une fonction de dialogue avec les clients. Le r\u00e9seau intelligent est une \u00ab voie \u00e0 double sens \u00bb \u2013 qui permet non seulement de livrer l\u2019\u00e9lectricit\u00e9 aux clients ou de recevoir celle qu\u2019ils produisent eux-m\u00eames, mais aussi d\u2019obtenir aupr\u00e8s des clients ou de leur fournir des donn\u00e9es sur la consommation d\u2019\u00e9lectricit\u00e9.<\/p>\n<p>L\u2019am\u00e9nagement de r\u00e9seaux intelligents est dict\u00e9 par la n\u00e9cessit\u00e9 d\u2019am\u00e9liorer le rendement des activit\u00e9s des entreprises de services publics, d\u2019int\u00e9grer de nouvelles fili\u00e8res de production d\u00e9centralis\u00e9e et d\u2019aider les clients \u00e0 consommer l\u2019\u00e9lectricit\u00e9 de fa\u00e7on plus efficiente.<\/p>\n<p>De fa\u00e7on g\u00e9n\u00e9rale, le r\u00e9seau de transport haute tension est d\u00e9j\u00e0 automatis\u00e9. Par contre, le r\u00e9seau de distribution basse tension n\u2019a gu\u00e8re \u00e9volu\u00e9 au cours des 100 derni\u00e8res ann\u00e9es. C\u2019est lui qu\u2019il faut rendre \u00ab intelligent \u00bb.<\/p>\n<p>L\u2019am\u00e9nagement d\u2019un r\u00e9seau intelligent d\u00e9bute par l\u2019installation de compteurs intelligents. Cette \u00e9tape devrait \u00eatre termin\u00e9e en Ontario d\u2019ici la fin de l\u2019ann\u00e9e. Il ne sera plus n\u00e9cessaire \u00e0 l\u2019avenir de relever les compteurs. Les nouveaux compteurs intelligents enregistrent en continu la consommation d\u2019\u00e9lectricit\u00e9. Gr\u00e2ce \u00e0 cette \u00ab passerelle \u00bb servant au transfert de donn\u00e9es, les clients consulteront l\u2019information sur leur propre consommation au moyen d\u2019un ordinateur ou d\u2019un moniteur dans le confort de leur foyer.<\/p>\n<p>Les compteurs intelligents permettent de moduler le prix en fonction de la p\u00e9riode d\u2019utilisation. Ce mode de tarification sera mis en place \u00e0 l\u2019\u00e9chelle de l\u2019Ontario d\u2019ici la fin de l\u2019an prochain. Pour tous les clients ontariens, la consommation d\u2019\u00e9lectricit\u00e9 sera factur\u00e9e en fonction de trois tarifs diff\u00e9renci\u00e9s selon les p\u00e9riodes de pointe, les p\u00e9riodes interm\u00e9diaires et les p\u00e9riodes creuses.<\/p>\n<p>Les clients pourront ainsi obtenir de meilleurs tarifs en modifiant leurs habitudes pour privil\u00e9gier la consommation en fin de soir\u00e9e ou pendant la nuit et durant la fin de semaine. Le tarif sera plus \u00e9lev\u00e9 pour l\u2019\u00e9lectricit\u00e9 consomm\u00e9e aux heures de pointe. Le r\u00e9seau \u00e9lectrique sera moins sollicit\u00e9 si la demande diminue en p\u00e9riode de pointe et on aura alors moins de centrales \u00e0 construire.<\/p>\n<p>L\u2019am\u00e9nagement d\u2019un r\u00e9seau intelligent est pr\u00e9vu par la <em>Loi de 2009 sur l\u2019\u00e9nergie verte et l\u2019\u00e9conomie verte <\/em>de l\u2019Ontario. Gr\u00e2ce au niveau \u00e9lev\u00e9 d\u2019automatisation, de protection et de commande inh\u00e9rent au r\u00e9seau intelligent, il devient plus facile de d\u00e9tecter et d\u2019isoler les pannes de courant et par le fait m\u00eame d\u2019en r\u00e9duire la dur\u00e9e. Le r\u00e9seau intelligent prot\u00e8ge par ailleurs les clients contre les perturbations de l\u2019alimentation \u00e9lectrique lorsque les fili\u00e8res d\u00e9centralis\u00e9es, qui produisent l\u2019\u00e9lectricit\u00e9 de fa\u00e7on intermittente et \u00e0 la demande, commencent ou cessent d\u2019alimenter le r\u00e9seau.<\/p>\n<p>Le r\u00e9seau intelligent permettra aussi aux clients de produire de l\u2019\u00e9lectricit\u00e9 au moyen d\u2019une installation \u00e9olienne ou solaire ou d\u2019une autre source d\u2019\u00e9nergie renouvelable. En th\u00e9orie, un v\u00e9hicule \u00e9lectrique rechargeable pourrait devenir un dispositif de stockage \u2013 il serait possible de le recharger en utilisant de l\u2019\u00e9lectricit\u00e9 moins ch\u00e8re en p\u00e9riode creuse, que l\u2019on pourrait revendre au r\u00e9seau aux heures o\u00f9 le prix est plus \u00e9lev\u00e9.<\/p>\n<p>Les clients y gagneront en obtenant beaucoup plus d\u2019information sur leur consommation d\u2019\u00e9lectricit\u00e9 et ils seront ainsi incit\u00e9s \u00e0 mieux g\u00e9rer leur demande pour r\u00e9duire leur facture d\u2019\u00e9lectricit\u00e9.<\/p>\n<p>Voil\u00e0 \u2013 j\u2019ai expliqu\u00e9 de fa\u00e7on tr\u00e8s simplifi\u00e9e ce qu\u2019un r\u00e9seau intelligent peut faire. Voyons maintenant le r\u00f4le de l\u2019\u00e9nergie nucl\u00e9aire.<\/p>\n<p><strong>En quoi l\u2019\u00e9nergie nucl\u00e9aire constitue-t-elle un compl\u00e9ment du r\u00e9seau intelligent?<\/strong><\/p>\n<p>L\u2019\u00e9nergie nucl\u00e9aire constitue un compl\u00e9ment de la technologie des r\u00e9seaux intelligents. \u00c0 mon avis, il s\u2019agit m\u00eame d\u2019une condition pr\u00e9alable pour r\u00e9aliser les objectifs de ce type de r\u00e9seaux.<\/p>\n<p>L\u2019\u00e9nergie nucl\u00e9aire apporte un excellent appui \u00e0 la technologie des r\u00e9seaux intelligents \u00e0 trois \u00e9gards.<\/p>\n<p>Premi\u00e8rement, comme je l\u2019ai d\u00e9j\u00e0 mentionn\u00e9, on met en place des r\u00e9seaux intelligents pour int\u00e9grer de fa\u00e7on s\u00fbre et fiable toutes les nouvelles fili\u00e8res de production d\u00e9centralis\u00e9e, par exemple l\u2019\u00e9nergie \u00e9olienne ou solaire. Il s\u2019agit de sources d\u2019\u00e9nergie intermittentes, je me permets de le r\u00e9p\u00e9ter, et leur coefficient de production est bien inf\u00e9rieur \u00e0 50 %.<\/p>\n<p>Pour r\u00e9pondre \u00e0 nos besoins d\u2019\u00e9lectricit\u00e9 continus et accro\u00eetre l\u2019utilisation des sources intermittentes sur le r\u00e9seau, des fili\u00e8res comme le nucl\u00e9aire, que l\u2019on peut exploiter 24 heures sur 24, 7 jours sur 7, doivent constituer un \u00e9l\u00e9ment de base des r\u00e9seaux \u00e9lectriques de l\u2019avenir.<\/p>\n<p>Deuxi\u00e8mement, les r\u00e9seaux intelligents visent \u00e0 rendre les r\u00e9seaux \u00e9lectriques moins polluants, \u00e0 mesure que les modes de production plus propres remplacent des fili\u00e8res comme le charbon.<\/p>\n<p>L\u2019\u00e9nergie nucl\u00e9aire est compl\u00e9mentaire l\u00e0 encore, car elle ne rejette pas de gaz \u00e0 l\u2019origine du smog ou du r\u00e9chauffement plan\u00e9taire. L\u2019\u00e9lectricit\u00e9 d\u2019origine nucl\u00e9aire ou hydraulique utilis\u00e9e pour r\u00e9pondre \u00e0 la demande de base peut aussi \u00eatre l\u2019\u00e9l\u00e9ment cl\u00e9 d\u2019un r\u00e9seau \u00e9lectrique plus propre qui fait place aux sources d\u2019\u00e9lectricit\u00e9 d\u00e9centralis\u00e9es et renouvelables.<\/p>\n<p>Et troisi\u00e8mement, les r\u00e9seaux intelligents ont pour objet d\u2019encourager et d\u2019appuyer les technologies nouvelles comme celle des v\u00e9hicules rechargeables.<\/p>\n<p>L\u2019\u00e9nergie nucl\u00e9aire est le compl\u00e9ment parfait des v\u00e9hicules hybrides rechargeables. En Ontario, l\u2019\u00e9lectricit\u00e9 produite pendant la nuit, au moment o\u00f9 l\u2019on rechargera ces v\u00e9hicules, est principalement d\u2019origine nucl\u00e9aire ou hydraulique et, dans une moindre mesure, \u00e9olienne. Toutes ces fili\u00e8res sont sans \u00e9missions. C\u2019est primordial pour faire des v\u00e9hicules \u00e9lectriques un moyen de transport \u00e0 faibles \u00e9missions.<\/p>\n<p><strong>Conclusion<\/strong><\/p>\n<p>En conclusion, les services publics d\u2019\u00e9lectricit\u00e9 am\u00e9nagent des r\u00e9seaux intelligents pour am\u00e9liorer le rendement de leur exploitation, aider les clients \u00e0 consommer l\u2019\u00e9lectricit\u00e9 de fa\u00e7on plus efficiente et rendre le r\u00e9seau \u00e9lectrique plus propre.<\/p>\n<p>L\u2019\u00e9nergie nucl\u00e9aire, que l\u2019on produit en continu, est une fili\u00e8re de production propre. Elle constitue un excellent atout pour les r\u00e9seaux intelligents de demain.<\/p>\n<p>Merci!<\/p>\n","protected":false},"excerpt":{"rendered":"<p>M\u00e9moire pr\u00e9sent\u00e9 par Denise Carpenter, pr\u00e9sidente et chef de la direction, Association nucl\u00e9aire canadienne<br \/>\n<br \/>dans le cadre du panel \u00ab Les &#8220;r\u00e9seaux&#8221; de syst\u00e8mes \u00e9nerg\u00e9tiques de l\u2019avenir \u00bb \u00e0 l\u2019occasion du Forum canadien sur l\u2019\u00e9nergie tenu par le Conseil canadien de l\u2019\u00e9nergie<\/br><br \/>\nle 15 juin 2010<\/p>\n","protected":false},"author":1,"featured_media":0,"comment_status":"closed","ping_status":"closed","sticky":false,"template":"","format":"standard","meta":{"_acf_changed":false,"footnotes":""},"categories":[102],"tags":[],"topic":[],"class_list":["post-7771","post","type-post","status-publish","format-standard","hentry","category-discours"],"acf":[],"yoast_head":"<!-- This site is optimized with the Yoast SEO plugin v27.4 - https:\/\/yoast.com\/product\/yoast-seo-wordpress\/ -->\n<title>M\u00e9moire pr\u00e9sent\u00e9 dans le cadre du panel \u00ab Les &quot;r\u00e9seaux&quot; de syst\u00e8mes \u00e9nerg\u00e9tiques de l\u2019avenir \u00bb \u00e0 l\u2019occasion du Forum canadien sur l\u2019\u00e9nergie - Association nucl\u00e9aire canadienne<\/title>\n<meta name=\"robots\" content=\"index, follow, max-snippet:-1, max-image-preview:large, max-video-preview:-1\" \/>\n<link rel=\"canonical\" href=\"https:\/\/cna.ca\/fr\/2010\/06\/15\/memoire-presente-a-les-reseaux-de-systemes-energetiques-de-lavenir-a-loccasion-du-forum-canadien-sur-lenergie\/\" \/>\n<meta property=\"og:locale\" content=\"fr_FR\" \/>\n<meta property=\"og:type\" content=\"article\" \/>\n<meta property=\"og:title\" content=\"M\u00e9moire pr\u00e9sent\u00e9 dans le cadre du panel \u00ab Les &quot;r\u00e9seaux&quot; de syst\u00e8mes \u00e9nerg\u00e9tiques de l\u2019avenir \u00bb \u00e0 l\u2019occasion du Forum canadien sur l\u2019\u00e9nergie - Association nucl\u00e9aire canadienne\" \/>\n<meta property=\"og:description\" content=\"M\u00e9moire pr\u00e9sent\u00e9 par Denise Carpenter, pr\u00e9sidente et chef de la direction, Association nucl\u00e9aire canadienne dans le cadre du panel \u00ab Les &quot;r\u00e9seaux&quot; de syst\u00e8mes \u00e9nerg\u00e9tiques de l\u2019avenir \u00bb \u00e0 l\u2019occasion du Forum canadien sur l\u2019\u00e9nergie tenu par le Conseil canadien de l\u2019\u00e9nergie le 15 juin 2010\" \/>\n<meta property=\"og:url\" content=\"https:\/\/cna.ca\/fr\/2010\/06\/15\/memoire-presente-a-les-reseaux-de-systemes-energetiques-de-lavenir-a-loccasion-du-forum-canadien-sur-lenergie\/\" \/>\n<meta property=\"og:site_name\" content=\"Association nucl\u00e9aire canadienne\" \/>\n<meta property=\"article:publisher\" content=\"http:\/\/www.facebook.com\/canadanuclear\" \/>\n<meta property=\"article:published_time\" content=\"2010-06-15T05:00:56+00:00\" \/>\n<meta property=\"article:modified_time\" content=\"2020-03-10T17:55:37+00:00\" \/>\n<meta name=\"author\" content=\"cna_admin\" \/>\n<meta name=\"twitter:label1\" content=\"Written by\" \/>\n\t<meta name=\"twitter:data1\" content=\"cna_admin\" \/>\n\t<meta name=\"twitter:label2\" content=\"Est. reading time\" \/>\n\t<meta name=\"twitter:data2\" content=\"7 minutes\" \/>\n<script type=\"application\/ld+json\" class=\"yoast-schema-graph\">{\"@context\":\"https:\\\/\\\/schema.org\",\"@graph\":[{\"@type\":\"Article\",\"@id\":\"https:\\\/\\\/cna.ca\\\/fr\\\/2010\\\/06\\\/15\\\/memoire-presente-a-les-reseaux-de-systemes-energetiques-de-lavenir-a-loccasion-du-forum-canadien-sur-lenergie\\\/#article\",\"isPartOf\":{\"@id\":\"https:\\\/\\\/cna.ca\\\/fr\\\/2010\\\/06\\\/15\\\/memoire-presente-a-les-reseaux-de-systemes-energetiques-de-lavenir-a-loccasion-du-forum-canadien-sur-lenergie\\\/\"},\"author\":{\"name\":\"cna_admin\",\"@id\":\"https:\\\/\\\/cna.ca\\\/fr\\\/#\\\/schema\\\/person\\\/b0c8179b9b04ade90057bc7a30b2fbd2\"},\"headline\":\"M\u00e9moire pr\u00e9sent\u00e9 dans le cadre du panel \u00ab Les &#8220;r\u00e9seaux&#8221; de syst\u00e8mes \u00e9nerg\u00e9tiques de l\u2019avenir \u00bb \u00e0 l\u2019occasion du Forum canadien sur&nbsp;l\u2019\u00e9nergie\",\"datePublished\":\"2010-06-15T05:00:56+00:00\",\"dateModified\":\"2020-03-10T17:55:37+00:00\",\"mainEntityOfPage\":{\"@id\":\"https:\\\/\\\/cna.ca\\\/fr\\\/2010\\\/06\\\/15\\\/memoire-presente-a-les-reseaux-de-systemes-energetiques-de-lavenir-a-loccasion-du-forum-canadien-sur-lenergie\\\/\"},\"wordCount\":1510,\"publisher\":{\"@id\":\"https:\\\/\\\/cna.ca\\\/fr\\\/#organization\"},\"articleSection\":[\"Discours\"],\"inLanguage\":\"fr-FR\"},{\"@type\":\"WebPage\",\"@id\":\"https:\\\/\\\/cna.ca\\\/fr\\\/2010\\\/06\\\/15\\\/memoire-presente-a-les-reseaux-de-systemes-energetiques-de-lavenir-a-loccasion-du-forum-canadien-sur-lenergie\\\/\",\"url\":\"https:\\\/\\\/cna.ca\\\/fr\\\/2010\\\/06\\\/15\\\/memoire-presente-a-les-reseaux-de-systemes-energetiques-de-lavenir-a-loccasion-du-forum-canadien-sur-lenergie\\\/\",\"name\":\"M\u00e9moire pr\u00e9sent\u00e9 dans le cadre du panel \u00ab Les \\\"r\u00e9seaux\\\" de syst\u00e8mes \u00e9nerg\u00e9tiques de l\u2019avenir \u00bb \u00e0 l\u2019occasion du Forum canadien sur l\u2019\u00e9nergie - Association nucl\u00e9aire canadienne\",\"isPartOf\":{\"@id\":\"https:\\\/\\\/cna.ca\\\/fr\\\/#website\"},\"datePublished\":\"2010-06-15T05:00:56+00:00\",\"dateModified\":\"2020-03-10T17:55:37+00:00\",\"breadcrumb\":{\"@id\":\"https:\\\/\\\/cna.ca\\\/fr\\\/2010\\\/06\\\/15\\\/memoire-presente-a-les-reseaux-de-systemes-energetiques-de-lavenir-a-loccasion-du-forum-canadien-sur-lenergie\\\/#breadcrumb\"},\"inLanguage\":\"fr-FR\",\"potentialAction\":[{\"@type\":\"ReadAction\",\"target\":[\"https:\\\/\\\/cna.ca\\\/fr\\\/2010\\\/06\\\/15\\\/memoire-presente-a-les-reseaux-de-systemes-energetiques-de-lavenir-a-loccasion-du-forum-canadien-sur-lenergie\\\/\"]}]},{\"@type\":\"BreadcrumbList\",\"@id\":\"https:\\\/\\\/cna.ca\\\/fr\\\/2010\\\/06\\\/15\\\/memoire-presente-a-les-reseaux-de-systemes-energetiques-de-lavenir-a-loccasion-du-forum-canadien-sur-lenergie\\\/#breadcrumb\",\"itemListElement\":[{\"@type\":\"ListItem\",\"position\":1,\"name\":\"Home\",\"item\":\"https:\\\/\\\/cna.ca\\\/fr\\\/\"},{\"@type\":\"ListItem\",\"position\":2,\"name\":\"M\u00e9moire pr\u00e9sent\u00e9 dans le cadre du panel \u00ab Les &#8220;r\u00e9seaux&#8221; de syst\u00e8mes \u00e9nerg\u00e9tiques de l\u2019avenir \u00bb \u00e0 l\u2019occasion du Forum canadien sur&nbsp;l\u2019\u00e9nergie\"}]},{\"@type\":\"WebSite\",\"@id\":\"https:\\\/\\\/cna.ca\\\/fr\\\/#website\",\"url\":\"https:\\\/\\\/cna.ca\\\/fr\\\/\",\"name\":\"Canadian Nuclear Association\",\"description\":\"The national voice of the Canadian nuclear industry since 1960\",\"publisher\":{\"@id\":\"https:\\\/\\\/cna.ca\\\/fr\\\/#organization\"},\"potentialAction\":[{\"@type\":\"SearchAction\",\"target\":{\"@type\":\"EntryPoint\",\"urlTemplate\":\"https:\\\/\\\/cna.ca\\\/fr\\\/?s={search_term_string}\"},\"query-input\":{\"@type\":\"PropertyValueSpecification\",\"valueRequired\":true,\"valueName\":\"search_term_string\"}}],\"inLanguage\":\"fr-FR\"},{\"@type\":\"Organization\",\"@id\":\"https:\\\/\\\/cna.ca\\\/fr\\\/#organization\",\"name\":\"Canadian Nuclear Association\",\"url\":\"https:\\\/\\\/cna.ca\\\/fr\\\/\",\"logo\":{\"@type\":\"ImageObject\",\"inLanguage\":\"fr-FR\",\"@id\":\"https:\\\/\\\/cna.ca\\\/fr\\\/#\\\/schema\\\/logo\\\/image\\\/\",\"url\":\"https:\\\/\\\/cna.ca\\\/wp-content\\\/uploads\\\/2023\\\/12\\\/cropped-cna-logo-only.png\",\"contentUrl\":\"https:\\\/\\\/cna.ca\\\/wp-content\\\/uploads\\\/2023\\\/12\\\/cropped-cna-logo-only.png\",\"width\":512,\"height\":512,\"caption\":\"Canadian Nuclear Association\"},\"image\":{\"@id\":\"https:\\\/\\\/cna.ca\\\/fr\\\/#\\\/schema\\\/logo\\\/image\\\/\"},\"sameAs\":[\"http:\\\/\\\/www.facebook.com\\\/canadanuclear\",\"https:\\\/\\\/x.com\\\/canadanuclear\",\"https:\\\/\\\/www.instagram.com\\\/canadanuclear\",\"https:\\\/\\\/www.youtube.com\\\/CanadaNuclear\",\"http:\\\/\\\/www.linkedin.com\\\/company\\\/canadian-nuclear-association\"]},{\"@type\":\"Person\",\"@id\":\"https:\\\/\\\/cna.ca\\\/fr\\\/#\\\/schema\\\/person\\\/b0c8179b9b04ade90057bc7a30b2fbd2\",\"name\":\"cna_admin\",\"url\":\"https:\\\/\\\/cna.ca\\\/fr\\\/author\\\/cna_admin\\\/\"}]}<\/script>\n<!-- \/ Yoast SEO plugin. -->","yoast_head_json":{"title":"M\u00e9moire pr\u00e9sent\u00e9 dans le cadre du panel \u00ab Les \"r\u00e9seaux\" de syst\u00e8mes \u00e9nerg\u00e9tiques de l\u2019avenir \u00bb \u00e0 l\u2019occasion du Forum canadien sur l\u2019\u00e9nergie - Association nucl\u00e9aire canadienne","robots":{"index":"index","follow":"follow","max-snippet":"max-snippet:-1","max-image-preview":"max-image-preview:large","max-video-preview":"max-video-preview:-1"},"canonical":"https:\/\/cna.ca\/fr\/2010\/06\/15\/memoire-presente-a-les-reseaux-de-systemes-energetiques-de-lavenir-a-loccasion-du-forum-canadien-sur-lenergie\/","og_locale":"fr_FR","og_type":"article","og_title":"M\u00e9moire pr\u00e9sent\u00e9 dans le cadre du panel \u00ab Les \"r\u00e9seaux\" de syst\u00e8mes \u00e9nerg\u00e9tiques de l\u2019avenir \u00bb \u00e0 l\u2019occasion du Forum canadien sur l\u2019\u00e9nergie - Association nucl\u00e9aire canadienne","og_description":"M\u00e9moire pr\u00e9sent\u00e9 par Denise Carpenter, pr\u00e9sidente et chef de la direction, Association nucl\u00e9aire canadienne dans le cadre du panel \u00ab Les \"r\u00e9seaux\" de syst\u00e8mes \u00e9nerg\u00e9tiques de l\u2019avenir \u00bb \u00e0 l\u2019occasion du Forum canadien sur l\u2019\u00e9nergie tenu par le Conseil canadien de l\u2019\u00e9nergie le 15 juin 2010","og_url":"https:\/\/cna.ca\/fr\/2010\/06\/15\/memoire-presente-a-les-reseaux-de-systemes-energetiques-de-lavenir-a-loccasion-du-forum-canadien-sur-lenergie\/","og_site_name":"Association nucl\u00e9aire canadienne","article_publisher":"http:\/\/www.facebook.com\/canadanuclear","article_published_time":"2010-06-15T05:00:56+00:00","article_modified_time":"2020-03-10T17:55:37+00:00","author":"cna_admin","twitter_misc":{"Written by":"cna_admin","Est. reading time":"7 minutes"},"schema":{"@context":"https:\/\/schema.org","@graph":[{"@type":"Article","@id":"https:\/\/cna.ca\/fr\/2010\/06\/15\/memoire-presente-a-les-reseaux-de-systemes-energetiques-de-lavenir-a-loccasion-du-forum-canadien-sur-lenergie\/#article","isPartOf":{"@id":"https:\/\/cna.ca\/fr\/2010\/06\/15\/memoire-presente-a-les-reseaux-de-systemes-energetiques-de-lavenir-a-loccasion-du-forum-canadien-sur-lenergie\/"},"author":{"name":"cna_admin","@id":"https:\/\/cna.ca\/fr\/#\/schema\/person\/b0c8179b9b04ade90057bc7a30b2fbd2"},"headline":"M\u00e9moire pr\u00e9sent\u00e9 dans le cadre du panel \u00ab Les &#8220;r\u00e9seaux&#8221; de syst\u00e8mes \u00e9nerg\u00e9tiques de l\u2019avenir \u00bb \u00e0 l\u2019occasion du Forum canadien sur&nbsp;l\u2019\u00e9nergie","datePublished":"2010-06-15T05:00:56+00:00","dateModified":"2020-03-10T17:55:37+00:00","mainEntityOfPage":{"@id":"https:\/\/cna.ca\/fr\/2010\/06\/15\/memoire-presente-a-les-reseaux-de-systemes-energetiques-de-lavenir-a-loccasion-du-forum-canadien-sur-lenergie\/"},"wordCount":1510,"publisher":{"@id":"https:\/\/cna.ca\/fr\/#organization"},"articleSection":["Discours"],"inLanguage":"fr-FR"},{"@type":"WebPage","@id":"https:\/\/cna.ca\/fr\/2010\/06\/15\/memoire-presente-a-les-reseaux-de-systemes-energetiques-de-lavenir-a-loccasion-du-forum-canadien-sur-lenergie\/","url":"https:\/\/cna.ca\/fr\/2010\/06\/15\/memoire-presente-a-les-reseaux-de-systemes-energetiques-de-lavenir-a-loccasion-du-forum-canadien-sur-lenergie\/","name":"M\u00e9moire pr\u00e9sent\u00e9 dans le cadre du panel \u00ab Les \"r\u00e9seaux\" de syst\u00e8mes \u00e9nerg\u00e9tiques de l\u2019avenir \u00bb \u00e0 l\u2019occasion du Forum canadien sur l\u2019\u00e9nergie - Association nucl\u00e9aire canadienne","isPartOf":{"@id":"https:\/\/cna.ca\/fr\/#website"},"datePublished":"2010-06-15T05:00:56+00:00","dateModified":"2020-03-10T17:55:37+00:00","breadcrumb":{"@id":"https:\/\/cna.ca\/fr\/2010\/06\/15\/memoire-presente-a-les-reseaux-de-systemes-energetiques-de-lavenir-a-loccasion-du-forum-canadien-sur-lenergie\/#breadcrumb"},"inLanguage":"fr-FR","potentialAction":[{"@type":"ReadAction","target":["https:\/\/cna.ca\/fr\/2010\/06\/15\/memoire-presente-a-les-reseaux-de-systemes-energetiques-de-lavenir-a-loccasion-du-forum-canadien-sur-lenergie\/"]}]},{"@type":"BreadcrumbList","@id":"https:\/\/cna.ca\/fr\/2010\/06\/15\/memoire-presente-a-les-reseaux-de-systemes-energetiques-de-lavenir-a-loccasion-du-forum-canadien-sur-lenergie\/#breadcrumb","itemListElement":[{"@type":"ListItem","position":1,"name":"Home","item":"https:\/\/cna.ca\/fr\/"},{"@type":"ListItem","position":2,"name":"M\u00e9moire pr\u00e9sent\u00e9 dans le cadre du panel \u00ab Les &#8220;r\u00e9seaux&#8221; de syst\u00e8mes \u00e9nerg\u00e9tiques de l\u2019avenir \u00bb \u00e0 l\u2019occasion du Forum canadien sur&nbsp;l\u2019\u00e9nergie"}]},{"@type":"WebSite","@id":"https:\/\/cna.ca\/fr\/#website","url":"https:\/\/cna.ca\/fr\/","name":"Canadian Nuclear Association","description":"The national voice of the Canadian nuclear industry since 1960","publisher":{"@id":"https:\/\/cna.ca\/fr\/#organization"},"potentialAction":[{"@type":"SearchAction","target":{"@type":"EntryPoint","urlTemplate":"https:\/\/cna.ca\/fr\/?s={search_term_string}"},"query-input":{"@type":"PropertyValueSpecification","valueRequired":true,"valueName":"search_term_string"}}],"inLanguage":"fr-FR"},{"@type":"Organization","@id":"https:\/\/cna.ca\/fr\/#organization","name":"Canadian Nuclear Association","url":"https:\/\/cna.ca\/fr\/","logo":{"@type":"ImageObject","inLanguage":"fr-FR","@id":"https:\/\/cna.ca\/fr\/#\/schema\/logo\/image\/","url":"https:\/\/cna.ca\/wp-content\/uploads\/2023\/12\/cropped-cna-logo-only.png","contentUrl":"https:\/\/cna.ca\/wp-content\/uploads\/2023\/12\/cropped-cna-logo-only.png","width":512,"height":512,"caption":"Canadian Nuclear Association"},"image":{"@id":"https:\/\/cna.ca\/fr\/#\/schema\/logo\/image\/"},"sameAs":["http:\/\/www.facebook.com\/canadanuclear","https:\/\/x.com\/canadanuclear","https:\/\/www.instagram.com\/canadanuclear","https:\/\/www.youtube.com\/CanadaNuclear","http:\/\/www.linkedin.com\/company\/canadian-nuclear-association"]},{"@type":"Person","@id":"https:\/\/cna.ca\/fr\/#\/schema\/person\/b0c8179b9b04ade90057bc7a30b2fbd2","name":"cna_admin","url":"https:\/\/cna.ca\/fr\/author\/cna_admin\/"}]}},"_links":{"self":[{"href":"https:\/\/cna.ca\/fr\/wp-json\/wp\/v2\/posts\/7771","targetHints":{"allow":["GET"]}}],"collection":[{"href":"https:\/\/cna.ca\/fr\/wp-json\/wp\/v2\/posts"}],"about":[{"href":"https:\/\/cna.ca\/fr\/wp-json\/wp\/v2\/types\/post"}],"author":[{"embeddable":true,"href":"https:\/\/cna.ca\/fr\/wp-json\/wp\/v2\/users\/1"}],"replies":[{"embeddable":true,"href":"https:\/\/cna.ca\/fr\/wp-json\/wp\/v2\/comments?post=7771"}],"version-history":[{"count":2,"href":"https:\/\/cna.ca\/fr\/wp-json\/wp\/v2\/posts\/7771\/revisions"}],"predecessor-version":[{"id":25873,"href":"https:\/\/cna.ca\/fr\/wp-json\/wp\/v2\/posts\/7771\/revisions\/25873"}],"wp:attachment":[{"href":"https:\/\/cna.ca\/fr\/wp-json\/wp\/v2\/media?parent=7771"}],"wp:term":[{"taxonomy":"category","embeddable":true,"href":"https:\/\/cna.ca\/fr\/wp-json\/wp\/v2\/categories?post=7771"},{"taxonomy":"post_tag","embeddable":true,"href":"https:\/\/cna.ca\/fr\/wp-json\/wp\/v2\/tags?post=7771"},{"taxonomy":"topic","embeddable":true,"href":"https:\/\/cna.ca\/fr\/wp-json\/wp\/v2\/topic?post=7771"}],"curies":[{"name":"wp","href":"https:\/\/api.w.org\/{rel}","templated":true}]}}