{"id":7769,"date":"2011-04-02T01:00:02","date_gmt":"2011-04-02T05:00:02","guid":{"rendered":"http:\/\/cna.ca\/?post_type=news&#038;p=7769"},"modified":"2020-03-10T13:55:36","modified_gmt":"2020-03-10T17:55:36","slug":"memoire-presente-a-la-commission-dexamen-conjoint-pour-le-projet-de-construction-dune-nouvelle-centrale-nucleaire","status":"publish","type":"post","link":"https:\/\/cna.ca\/fr\/2011\/04\/02\/memoire-presente-a-la-commission-dexamen-conjoint-pour-le-projet-de-construction-dune-nouvelle-centrale-nucleaire\/","title":{"rendered":"M\u00e9moire pr\u00e9sent\u00e9 \u00e0 la Commission d\u2019examen conjoint pour le projet de construction d\u2019une nouvelle centrale&nbsp;nucl\u00e9aire"},"content":{"rendered":"<p><strong>M\u00e9moire pr\u00e9sent\u00e9 par Denise Carpenter,\u00a0pr\u00e9sidente et chef de la direction, Association nucl\u00e9aire canadienne<br \/>\n\u00e0 la Commission d\u2019examen conjoint pour le projet de construction d\u2019une nouvelle centrale nucl\u00e9aire<br \/>\nle 2 avril 2011<\/strong><\/p>\n<p>Bonjour monsieur le pr\u00e9sident, mesdames et messieurs les commissaires et chers membres de la collectivit\u00e9 ici pr\u00e9sents!<\/p>\n<p>Avant d\u2019exposer nos arguments concernant la nouvelle centrale nucl\u00e9aire pr\u00e9vue sur le site de Darlington, j\u2019aimerais dire quelques mots au nom des 71 000 travailleurs de l\u2019industrie nucl\u00e9aire canadienne \u2013 depuis les employ\u00e9s de notre laboratoire de recherche nucl\u00e9aire TRIUMF en Colombie-Britannique et de l\u2019installation SLOWPOKE-2 \u00e0 l\u2019Universit\u00e9 de l\u2019Alberta jusqu\u2019aux travailleurs des mines d\u2019uranium de Cameco et d\u2019Areva en passant par les employ\u00e9s du Conseil de recherches de la Saskatchewan et tous les travailleurs de nos centrales nucl\u00e9aires et les chercheurs en Ontario, au Qu\u00e9bec et au Nouveau-Brunswick.<\/p>\n<p>Nous rendons hommage aux Japonais, qui ont fait preuve d\u2019une r\u00e9silience et d\u2019un courage remarquables depuis le s\u00e9isme et le tsunami d\u00e9vastateurs qui ont frapp\u00e9 le pays il y a trois semaines.<\/p>\n<p>Leurs ressources et leur force d\u2019\u00e2me sont mises \u00e0 rude \u00e9preuve par les \u00e9v\u00e9nements et le seront encore au cours des mois et des semaines \u00e0 venir. Les Japonais affrontent les difficult\u00e9s actuelles en faisant preuve de solidarit\u00e9 et de courage.<\/p>\n<p>En tant qu\u2019industrie, nous sommes fiers de notre dossier de s\u00fbret\u00e9, mais la vigilance est toujours de mise. Bien entendu, nous examinerons minutieusement la trag\u00e9die survenue au Japon pour en tirer des le\u00e7ons afin d\u2019am\u00e9liorer la s\u00fbret\u00e9 au Canada.<\/p>\n<p>Dans aucune autre industrie, la culture de coop\u00e9ration et d\u2019ouverture qui caract\u00e9rise notre industrie ne transcende \u00e0 ce point les fronti\u00e8res nationales et les int\u00e9r\u00eats commerciaux. Nous consid\u00e9rons qu\u2019un incident nucl\u00e9aire dans <em>n\u2019importe quelle<\/em> centrale a des r\u00e9percussions sur <em>toutes<\/em> les autres.<\/p>\n<p>C\u2019est pourquoi nous nous sommes regroup\u00e9s pour mettre en commun nos id\u00e9es, examiner nos propres centrales et nous pencher sur les le\u00e7ons tir\u00e9es de la trag\u00e9die que vit le Japon.<\/p>\n<p>Nos membres donnent suite aux requ\u00eates de la Commission canadienne de s\u00fbret\u00e9 nucl\u00e9aire demandant la prise de mesures et proc\u00e8dent aux mesures qui s\u2019imposent \u00e0 la suite d\u2019autres examens. Toutes les donn\u00e9es voulues seront soumises d\u2019ici la date d\u2019\u00e9ch\u00e9ance pr\u00e9vue \u2013 le 29 avril.<\/p>\n<p>Au sein de notre industrie, l\u2019examen de la r\u00e9glementation de s\u00fbret\u00e9 repose sur un processus r\u00e9p\u00e9titif syst\u00e9matique. En fait, Darlington est d\u00e9j\u00e0 pass\u00e9e \u00e0 l\u2019histoire en devenant la premi\u00e8re centrale nucl\u00e9aire d\u2019Am\u00e9rique du Nord \u00e0 r\u00e9pondre aux exigences rigoureuses de la norme environnementale ISO 14001.<\/p>\n<p>Le processus d\u2019am\u00e9lioration continue se poursuivra comme il se doit.<\/p>\n<p><em>Et les centrales nucl\u00e9aires continueront de devenir plus efficaces et plus s\u00fbres.<\/em><\/p>\n<p>Depuis les \u00e9v\u00e9nements qui ont touch\u00e9 le Japon le 11 mars, bien des observateurs mettent en doute la s\u00fbret\u00e9 de l\u2019industrie nucl\u00e9aire canadienne.<\/p>\n<p>D\u2019entr\u00e9e de jeu, permettez-moi d\u2019\u00e9noncer un fait : quoique la s\u00fbret\u00e9 absolue n\u2019existe pas, le parc nucl\u00e9aire canadien est s\u00fbr.<\/p>\n<p>L\u2019activit\u00e9 sismique dans la r\u00e9gion de Durham est faible, tout comme dans la plus grande partie de l\u2019Am\u00e9rique du Nord. Et la centrale est con\u00e7ue pour r\u00e9sister \u00e0 tout s\u00e9isme pr\u00e9visible.<\/p>\n<p>La s\u00fbret\u00e9 a toujours \u00e9t\u00e9 \u2013 et elle demeure \u2013 la priorit\u00e9 absolue de notre industrie. La culture de la s\u00fbret\u00e9 nucl\u00e9aire transcende les fronti\u00e8res g\u00e9ographiques. Elle a v\u00e9ritablement une envergure mondiale.<\/p>\n<p>Je reviendrai sur la s\u00fbret\u00e9 dans quelques minutes, mais j\u2019aimerais d\u2019abord vous parler un peu de l\u2019Association nucl\u00e9aire canadienne.<\/p>\n<p>Notre association repr\u00e9sente les 71 0000 travailleurs du milieu nucl\u00e9aire canadien.<\/p>\n<p>On trouve parmi nos membres des soci\u00e9t\u00e9s d\u2019extraction et de traitement de l\u2019uranium, des fabricants, des soci\u00e9t\u00e9s d\u2019ing\u00e9nierie, des services publics d\u2019\u00e9lectricit\u00e9, des syndicats, des universit\u00e9s et des associations.<\/p>\n<p>La fili\u00e8re nucl\u00e9aire assure 15 % de la production d\u2019\u00e9lectricit\u00e9 au Canada et plus de 55 % en Ontario.<\/p>\n<p>Et je suis fi\u00e8re d\u2019affirmer que notre industrie affiche depuis plus de 45 ans un dossier exemplaire en mati\u00e8re de sant\u00e9 et de s\u00e9curit\u00e9 des travailleurs et de la population.<\/p>\n<p>Mais je suis ici aujourd\u2019hui pour vous parler d\u2019un projet passionnant \u2013 la nouvelle centrale nucl\u00e9aire pr\u00e9vue sur le site de Darlington.<\/p>\n<p>Comme nous le mentionnons dans l\u2019intervention \u00e9crite de l\u2019ANC, nous sommes conscients que la Commission d\u2019examen conjoint s\u2019attaque \u00e0 une lourde t\u00e2che.<\/p>\n<p>Mais, compte tenu de l\u2019exp\u00e9rience consid\u00e9rable d\u2019Ontario Power Generation \u2013 OPG \u2013 en mati\u00e8re d\u2019exploitation et des conclusions favorables de l\u2019\u00e9nonc\u00e9 des incidences environnementales, l\u2019ANC estime qu\u2019une d\u00e9cision favorable s\u2019impose \u00e0 l\u2019issue de l\u2019\u00e9valuation environnementale et qu\u2019OPG devrait obtenir l\u2019autorisation de pr\u00e9parer le site pour le projet de Darlington.<\/p>\n<p>Nous estimons que ce projet aidera grandement \u00e0 faire face \u00e0 la demande \u00e9nerg\u00e9tique croissante au Canada. Il fait partie int\u00e9grante du plan d\u2019action \u00e9tabli par la province afin de maintenir la puissance install\u00e9e de son parc nucl\u00e9aire pour r\u00e9pondre \u00e0 la demande de base. Le projet est par ailleurs essentiel au maintien de l\u2019approvisionnement en \u00e9lectricit\u00e9 \u00e0 l\u2019\u00e9chelle canadienne.<\/p>\n<p>J\u2019aborderai aujourd\u2019hui certaines questions tr\u00e8s importantes qui se rapportent \u00e0 la fois au projet de Darlington et \u00e0 notre industrie dans son ensemble, \u00e0 savoir :<\/p>\n<ul>\n<li>les retomb\u00e9es \u00e9conomiques du projet;<\/li>\n<li>les effets environnementaux du projet et leur att\u00e9nuation;<\/li>\n<li>la s\u00fbret\u00e9 dans le cadre du projet et au sein de notre industrie dans son ensemble.<\/li>\n<\/ul>\n<p>Mais, avant de commencer, permettez-moi de souligner que notre industrie nucl\u00e9aire forme vraiment une communaut\u00e9 mondiale. D\u2019ailleurs, les habitants de Clarington, o\u00f9 se trouve la centrale Darlington et o\u00f9 sera construite la nouvelle centrale pr\u00e9vue, le savent mieux que quiconque.<\/p>\n<p>La centrale nucl\u00e9aire Darlington d\u2019OPG fait partie de cette collectivit\u00e9 depuis plus de 25 ans. D\u00e9j\u00e0 il y a 25 ans, les gens de Clarington avaient la volont\u00e9 de collaborer avec l\u2019industrie nucl\u00e9aire. La collectivit\u00e9 a d\u00e9cel\u00e9 les possibilit\u00e9s d\u2019emplois, de prosp\u00e9rit\u00e9 et de croissance \u2013 et elle les a saisies.<\/p>\n<p>Clarington est un exemple de ce que les collectivit\u00e9s peuvent accomplir sur le front du d\u00e9veloppement \u00e9nerg\u00e9tique dans toutes les r\u00e9gions du Canada et ailleurs dans le monde.<\/p>\n<p>OPG est depuis le d\u00e9but un partenaire indispensable dans cette vision. Gr\u00e2ce \u00e0 ses interventions, \u00e0 ses programmes de s\u00fbret\u00e9 rigoureux et \u00e0 son engagement envers la collectivit\u00e9, elle a su pr\u00e9server la confiance et le respect des gens de Clarington.<\/p>\n<p>Or, je suis convaincue que le pass\u00e9 est garant de l\u2019avenir au chapitre de la performance.<\/p>\n<p>OPG a fait ses preuves. Elle poss\u00e8de l\u2019exp\u00e9rience, les comp\u00e9tences et les syst\u00e8mes \u00e9prouv\u00e9s voulus pour piloter avec brio le projet de Darlington.<\/p>\n<p>La Loi <em>canadienne de l\u2019\u00e9valuation environnementale<\/em> a notamment pour objet :<\/p>\n<p><em>\u00ab d\u2019inciter [les autorit\u00e9s responsables] \u00e0 favoriser un d\u00e9veloppement durable propice \u00e0 la salubrit\u00e9 de l\u2019environnement et \u00e0 la sant\u00e9 de l\u2019\u00e9conomie \u00bb.<\/em><\/p>\n<p>Comme je l\u2019expliquerai tout \u00e0 l\u2019heure, il ne fait aucun doute que le projet de Darlington va dans ce sens.<\/p>\n<p>Mais pour \u00e9viter de faire fausse route, l\u2019\u00e9l\u00e9ment le plus important dans toutes les d\u00e9cisions cruciales, ce sont les gens et la collectivit\u00e9. Quelle est la meilleure d\u00e9cision, <em>la bonne d\u00e9cision<\/em>, pour nos collectivit\u00e9s aujourd\u2019hui et demain?<\/p>\n<p>\u00c0 mes yeux, la collectivit\u00e9 se r\u00e9sume avant tout aux <em>gens<\/em>. Il s\u2019agit de tendre la main \u00e0 notre voisin, dans notre quartier, au travail ou au centre commercial. C\u2019est une question de <em>rapports humains.<\/em><\/p>\n<p><em>Le projet de Darlington n\u2019est pas seulement un projet de construction \u2013 il renvoie aussi au r\u00f4le crucial que l\u2019industrie nucl\u00e9aire peut jouer \u00e0 l\u2019appui de la vigueur \u00e9conomique de nos collectivit\u00e9s et de la protection de la sant\u00e9 et de l\u2019environnement.<\/em><\/p>\n<p><strong>\u00c9conomie<\/strong><\/p>\n<p>En ce qui a trait aux effets socio\u00e9conomiques, il est imp\u00e9ratif de veiller \u00e0 ce que le Canada pr\u00e9serve son bassin de professionnels hautement qualifi\u00e9s et son avantage sur le front de l\u2019innovation scientifique et technologique.<\/p>\n<p>Alors que notre pays et le reste du monde sortent de la r\u00e9cession, l\u2019industrie nucl\u00e9aire aide \u00e0 maintenir, voire \u00e0 cr\u00e9er des emplois sp\u00e9cialis\u00e9s tr\u00e8s r\u00e9mun\u00e9rateurs.<\/p>\n<p>En fait, le secteur nucl\u00e9aire canadien injecte d\u00e9j\u00e0 6,6 milliards de dollars par an dans l\u2019\u00e9conomie et g\u00e9n\u00e8re des recettes fiscales f\u00e9d\u00e9rales et provinciales de 1,5 milliard par an. Il s\u2019agit d\u2019un milieu de travail stimulant pour les 71 000 Canadiens qui y font carri\u00e8re.<\/p>\n<p>Manufacturiers et Exportateurs du Canada affirme dans un rapport publi\u00e9 en juillet 2010 que deux projets \u2013 la r\u00e9fection des installations nucl\u00e9aires de Bruce et de Darlington \u2013 cr\u00e9eront pr\u00e8s de 25 000 emplois pendant 10 ans en plus d\u2019injecter 5 milliards de dollars par an dans l\u2019\u00e9conomie ontarienne.<\/p>\n<p>\u00c0 lui seul, le nouveau projet de Darlington cr\u00e9era 7 500 emplois directs et indirects \u00e0 la grandeur de l\u2019Ontario.<\/p>\n<p>En accroissant les d\u00e9penses li\u00e9es au projet de Darlington, l\u2019augmentation du nombre d\u2019emplois pourrait ajouter 1,4 milliard de dollars au produit int\u00e9rieur brut de la province.<\/p>\n<p>Cette croissance du PIB repr\u00e9sente une hausse d\u2019environ 500 millions de dollars au titre du revenu global des m\u00e9nages ontariens.<\/p>\n<p>Le secteur nucl\u00e9aire joue aussi un r\u00f4le d\u00e9terminant en aidant le Canada \u00e0 conserver la place de choix qu\u2019il s\u2019est taill\u00e9e en tant que pays exportateur puisque les ventes de nos membres sur les march\u00e9s \u00e9trangers se chiffrent \u00e0 1,2 milliard de dollars par an.<\/p>\n<p>L\u2019\u00e9nergie nucl\u00e9aire est abordable. Et nous devrions nous pencher maintenant sur son co\u00fbt \u2013 ou plus pr\u00e9cis\u00e9ment sur l\u2019id\u00e9e fausse selon laquelle il est simplement trop \u00e9lev\u00e9.<\/p>\n<p>Si l\u2019on prend en compte l\u2019ensemble des co\u00fbts \u00e0 long terme, l\u2019\u00e9lectricit\u00e9 d\u2019origine nucl\u00e9aire co\u00fbte aux Canadiens le m\u00eame prix, voire moins cher, que celle produite par toutes les autres fili\u00e8res.<\/p>\n<p>D\u2019apr\u00e8s une \u00e9tude men\u00e9e en 2010 par l\u2019Organisation de coop\u00e9ration et de d\u00e9veloppement \u00e9conomiques, le co\u00fbt actualis\u00e9 de l\u2019\u00e9lectricit\u00e9 d\u2019origine nucl\u00e9aire est inf\u00e9rieur \u00e0 celui de la plupart des autres fili\u00e8res de production, particuli\u00e8rement lorsque l\u2019on prend en compte le co\u00fbt des \u00e9missions de CO2. Si l\u2019on \u00e9tablissait \u00e0 30 $ la tonne le prix du carbone, le co\u00fbt du nucl\u00e9aire serait inf\u00e9rieur \u00e0 celui des fili\u00e8res charbon propre ou gaz. Il serait comparable au co\u00fbt de l\u2019\u00e9olien et nettement inf\u00e9rieur \u00e0 celui du solaire.<\/p>\n<p>Bref, l\u2019\u00e9nergie nucl\u00e9aire permet de r\u00e9pondre \u00e0 la demande de base 24 heures sur 24. On parle d\u2019une fili\u00e8re abordable, disponible et fiable permettant de faire face \u00e0 la demande croissante d\u2019\u00e9lectricit\u00e9 aujourd\u2019hui et dans l\u2019avenir.<\/p>\n<p><strong>Environnement<\/strong><\/p>\n<p>L\u2019environnement constitue l\u2019une de nos principales ressources, voire la plus importante.<\/p>\n<p><em>Notre industrie prend tr\u00e8s au s\u00e9rieux la protection de l\u2019environnement \u2013 la protection du sol, de l\u2019air et des eaux tant dans les collectivit\u00e9s o\u00f9 nous exer\u00e7ons nos activit\u00e9s qu\u2019\u00e0 l\u2019\u00e9chelle plan\u00e9taire.<\/em><\/p>\n<p>La plupart des effets environnementaux \u00e0 venir du projet de Darlington sont \u00ab connus \u00bb et OPG a pr\u00e9vu des mesures \u00e9prouv\u00e9es pour les att\u00e9nuer.<\/p>\n<p>OPG se fait un point d\u2019honneur de prot\u00e9ger l\u2019environnement, notamment l\u2019habitat aquatique. Sa performance dans le domaine lui a d\u2019ailleurs valu plusieurs r\u00e9compenses, dont le prestigieux prix William W. Howard en reconnaissance de sa contribution exceptionnelle sur le front de la conservation, de l\u2019\u00e9ducation et de sensibilisation.<\/p>\n<p><em>La fili\u00e8re nucl\u00e9aire constitue une source d\u2019\u00e9lectricit\u00e9 propre et fiable qui joue un r\u00f4le important dans le portefeuille canadien d\u2019\u00e9nergies propres.<\/em><\/p>\n<p>Tout au long de la construction, on att\u00e9nuera grandement les effets \u00e9ventuels sur la qualit\u00e9 de l\u2019air gr\u00e2ce \u00e0 des mesures de protection normalis\u00e9es utilis\u00e9es par l\u2019industrie de la construction.<\/p>\n<p>Nous avons la ferme intention de traduire nos valeurs en actions \u00e0 toutes les \u00e9tapes. <em>Nous ne faisons l\u00e0 que notre devoir.<\/em><\/p>\n<p>Au moment o\u00f9 le Canada et la communaut\u00e9 mondiale dans son ensemble s\u2019efforcent de relever le d\u00e9fi du changement climatique, la fili\u00e8re nucl\u00e9aire repr\u00e9sente un \u00e9l\u00e9ment cl\u00e9 du portefeuille canadien d\u2019\u00e9nergies propres.<\/p>\n<p>En effet, l\u2019exploitation des centrales nucl\u00e9aires ne rejette pratiquement pas de gaz \u00e0 effet de serre. D\u2019ailleurs, la tr\u00e8s l\u00e9g\u00e8re empreinte carbonique de ces installations est imputable \u00e0 l\u2019\u00e9nergie consomm\u00e9e au cours de leur construction.<\/p>\n<p>Ce fait a \u00e9t\u00e9 corrobor\u00e9 par le Canadian Energy Research Institute \u2013 le CERI.<\/p>\n<p>Plus pr\u00e9cis\u00e9ment, le CERI a analys\u00e9 les \u00e9missions de gaz \u00e0 effet de serre de diff\u00e9rentes fili\u00e8res de production d\u2019\u00e9lectricit\u00e9 et il a conclu que les \u00e9missions de la fili\u00e8re nucl\u00e9aire sont beaucoup plus faibles que celles des fili\u00e8res charbon, mazout ou gaz naturel et comparables \u00e0 celles des fili\u00e8res \u00e9olienne, solaire ou hydraulique.<\/p>\n<p>Au moment m\u00eame o\u00f9 nous nous effor\u00e7ons de r\u00e9duire l\u2019empreinte carbonique de notre pays, le remplacement de l\u2019\u00e9nergie fossile par l\u2019\u00e9nergie nucl\u00e9aire pourrait avoir un effet tr\u00e8s positif.<\/p>\n<p><strong>S\u00fbret\u00e9<\/strong><\/p>\n<p>J\u2019ai d\u00e9j\u00e0 abord\u00e9 la question de la s\u00fbret\u00e9 de notre industrie, mais j\u2019aimerais rappeler que le Canada affiche depuis plus de 45 ans un dossier exemplaire en mati\u00e8re de sant\u00e9 et de s\u00e9curit\u00e9 des travailleurs et de la population.<\/p>\n<p>La Commission canadienne de s\u00fbret\u00e9 nucl\u00e9aire \u2013 la CCSN \u2013 est l\u2019organisme f\u00e9d\u00e9ral qui r\u00e9glemente l\u2019utilisation de l\u2019\u00e9nergie et des mati\u00e8res nucl\u00e9aires pour assurer la s\u00fbret\u00e9, pr\u00e9server la sant\u00e9 et la s\u00e9curit\u00e9 des Canadiens et prot\u00e9ger l\u2019environnement.<\/p>\n<p>Des employ\u00e9s de la CCSN sont affect\u00e9s sur le site de chacune des centrales nucl\u00e9aires et ailleurs dans toutes les r\u00e9gions du Canada pour veiller \u00e0 la s\u00fbret\u00e9 des mati\u00e8res nucl\u00e9aires et s\u2019assurer que les exploitants des installations sont pr\u00eats \u00e0 intervenir en cas d\u2019urgence.<\/p>\n<p>Les exploitants et le personnel des centrales nucl\u00e9aires sont tri\u00e9s sur le volet. Ils sont tr\u00e8s comp\u00e9tents et hautement qualifi\u00e9s et sont agr\u00e9\u00e9s par la CCSN.<\/p>\n<p>Sur une p\u00e9riode de cinq ans, les travailleurs suivent une trentaine de s\u00e9ances de formation continue tr\u00e8s rigoureuse, qui comprennent notamment une formation et des examens sur des simulateurs reproduisant la salle de commande.<\/p>\n<p>Pour les besoins de la cause, on simule toute la gamme des conditions d\u2019exploitation, depuis les situations de routine jusqu\u2019aux cas d\u2019urgence les plus extr\u00eames. De cette fa\u00e7on, nous nous assurons que les comp\u00e9tences de nos travailleurs sont \u00e0 jour et nous sommes en mesure de rassurer les intervenants comme vous en montrant que les centrales nucl\u00e9aires seront exploit\u00e9es en toute s\u00fbret\u00e9.<\/p>\n<p>Les activit\u00e9s de notre industrie sont aussi soumises \u00e0 la surveillance d\u2019Environnement Canada, de Sant\u00e9 Canada, de P\u00eaches et Oc\u00e9ans Canada, de Transports Canada et de l\u2019Agence internationale de l\u2019\u00e9nergie atomique.<\/p>\n<p>N\u2019oublions pas non plus les nombreuses couches de protection entre, d\u2019une part, les op\u00e9rations nucl\u00e9aires canadiennes et, d\u2019autre part, nos employ\u00e9s et les collectivit\u00e9s o\u00f9 nous exer\u00e7ons nos activit\u00e9s.<\/p>\n<p>Ces m\u00e9canismes prot\u00e8gent nos gens, nos collectivit\u00e9s et notre environnement \u00e0 tous.<\/p>\n<p>Tout cela nous tient \u00e0 c\u0153ur parce que nos travailleurs et leur famille vivent dans les collectivit\u00e9s o\u00f9 les entreprises membres de l\u2019ANC sont pr\u00e9sentes.<\/p>\n<p>Donc, si vous habitez ou que vous travaillez \u00e0 proximit\u00e9 d\u2019une installation nucl\u00e9aire, je peux vous regarder droit dans les yeux en affirmant avec assurance que la s\u00fbret\u00e9 est depuis toujours notre pr\u00e9occupation premi\u00e8re et notre priorit\u00e9 absolue. Et cela ne changera pas.<\/p>\n<p>En fait, si vous habitez ou que vous travaillez \u00e0 proximit\u00e9 d\u2019une installation nucl\u00e9aire, il y a fort \u00e0 parier que vous \u00eates mieux plac\u00e9 que la plupart d\u2019entre nous pour parler du dossier de notre industrie en mati\u00e8re de s\u00fbret\u00e9.<\/p>\n<p>En ce qui a trait au projet de Darlington, l\u2019\u00e9valuation environnementale montre que l\u2019environnement sera bel et bien prot\u00e9g\u00e9.<\/p>\n<p>OPG exploite des centrales nucl\u00e9aires depuis plus de 40 ans et elle s\u2019est dot\u00e9e de syst\u00e8mes \u00e9prouv\u00e9s. C\u2019est ce qui lui permettra d\u2019att\u00e9nuer les effets environnementaux. Par ailleurs, les effets \u00e9ventuels de la construction seront aussi att\u00e9nu\u00e9s gr\u00e2ce \u00e0 des mesures de protection bien \u00e9tablies utilis\u00e9es par l\u2019industrie de la construction.<\/p>\n<p>Au chapitre de la performance, je suis convaincue que le pass\u00e9 est garant de l\u2019avenir. OPG a fait ses preuves et je ne doute pas qu\u2019elle pourra piloter avec brio le projet de Darlington.<\/p>\n<p>On ne peut nier que ce projet aidera grandement \u00e0 faire face \u00e0 la demande \u00e9nerg\u00e9tique croissante au Canada. En fait, le gouvernement de l\u2019Ontario s\u2019est engag\u00e9 dans son <em>Plan \u00e9nerg\u00e9tique \u00e0 long terme<\/em> \u00e0 maintenir \u00e0 50 % de l\u2019approvisionnement en \u00e9lectricit\u00e9 de la province la part de cette fili\u00e8re propre et fiable. Mais le nucl\u00e9aire rev\u00eat aussi beaucoup d\u2019importance pour nos collectivit\u00e9s.<\/p>\n<p>Comme je l\u2019ai expliqu\u00e9, les retomb\u00e9es du projet profiteront non seulement \u00e0 la municipalit\u00e9 de Clarington, mais aussi \u00e0 l\u2019Ontario dans son ensemble et au reste du Canada.<\/p>\n<p>Il s\u2019agira d\u2019un grand pas en avant pour l\u2019essor de la collectivit\u00e9.<\/p>\n<p><strong>Conclusion<\/strong><\/p>\n<p>Au Canada, les exploitants nucl\u00e9aires sont bien r\u00e9solus \u00e0 prot\u00e9ger l\u2019environnement et \u00e0 en assurer la viabilit\u00e9. De concert avec la communaut\u00e9 mondiale, ils s\u2019efforcent constamment d\u2019am\u00e9liorer la s\u00fbret\u00e9, la rentabilit\u00e9 et la performance environnementale.<\/p>\n<p>En terminant, je tiens \u00e0 vous remercier encore une fois de m\u2019avoir invit\u00e9e \u00e0 prendre la parole cet apr\u00e8s-midi. Je me ferai maintenant un plaisir de r\u00e9pondre \u00e0 vos questions. Merci!<\/p>\n","protected":false},"excerpt":{"rendered":"<p>M\u00e9moire pr\u00e9sent\u00e9 par Denise Carpenter, pr\u00e9sidente et chef de la direction, Association nucl\u00e9aire canadienne<br \/>\n<br \/>\u00e0 la Commission d\u2019examen conjoint pour le projet de construction d\u2019une nouvelle centrale nucl\u00e9aire<\/br><br \/>\nle 2 avril 2011<\/p>\n","protected":false},"author":1,"featured_media":0,"comment_status":"closed","ping_status":"closed","sticky":false,"template":"","format":"standard","meta":{"_acf_changed":false,"footnotes":""},"categories":[102],"tags":[],"topic":[],"class_list":["post-7769","post","type-post","status-publish","format-standard","hentry","category-discours"],"acf":[],"yoast_head":"<!-- This site is optimized with the Yoast SEO plugin v27.4 - https:\/\/yoast.com\/product\/yoast-seo-wordpress\/ -->\n<title>M\u00e9moire pr\u00e9sent\u00e9 \u00e0 la Commission d\u2019examen conjoint pour le projet de construction d\u2019une nouvelle centrale nucl\u00e9aire - Association nucl\u00e9aire canadienne<\/title>\n<meta name=\"robots\" content=\"index, follow, max-snippet:-1, max-image-preview:large, max-video-preview:-1\" \/>\n<link rel=\"canonical\" href=\"https:\/\/cna.ca\/fr\/2011\/04\/02\/memoire-presente-a-la-commission-dexamen-conjoint-pour-le-projet-de-construction-dune-nouvelle-centrale-nucleaire\/\" \/>\n<meta property=\"og:locale\" content=\"fr_FR\" \/>\n<meta property=\"og:type\" content=\"article\" \/>\n<meta property=\"og:title\" content=\"M\u00e9moire pr\u00e9sent\u00e9 \u00e0 la Commission d\u2019examen conjoint pour le projet de construction d\u2019une nouvelle centrale nucl\u00e9aire - Association nucl\u00e9aire canadienne\" \/>\n<meta property=\"og:description\" content=\"M\u00e9moire pr\u00e9sent\u00e9 par Denise Carpenter, pr\u00e9sidente et chef de la direction, Association nucl\u00e9aire canadienne \u00e0 la Commission d\u2019examen conjoint pour le projet de construction d\u2019une nouvelle centrale nucl\u00e9aire le 2 avril 2011\" \/>\n<meta property=\"og:url\" content=\"https:\/\/cna.ca\/fr\/2011\/04\/02\/memoire-presente-a-la-commission-dexamen-conjoint-pour-le-projet-de-construction-dune-nouvelle-centrale-nucleaire\/\" \/>\n<meta property=\"og:site_name\" content=\"Association nucl\u00e9aire canadienne\" \/>\n<meta property=\"article:publisher\" content=\"http:\/\/www.facebook.com\/canadanuclear\" \/>\n<meta property=\"article:published_time\" content=\"2011-04-02T05:00:02+00:00\" \/>\n<meta property=\"article:modified_time\" content=\"2020-03-10T17:55:36+00:00\" \/>\n<meta name=\"author\" content=\"cna_admin\" \/>\n<meta name=\"twitter:label1\" content=\"Written by\" \/>\n\t<meta name=\"twitter:data1\" content=\"cna_admin\" \/>\n\t<meta name=\"twitter:label2\" content=\"Est. reading time\" \/>\n\t<meta name=\"twitter:data2\" content=\"16 minutes\" \/>\n<script type=\"application\/ld+json\" class=\"yoast-schema-graph\">{\"@context\":\"https:\\\/\\\/schema.org\",\"@graph\":[{\"@type\":\"Article\",\"@id\":\"https:\\\/\\\/cna.ca\\\/fr\\\/2011\\\/04\\\/02\\\/memoire-presente-a-la-commission-dexamen-conjoint-pour-le-projet-de-construction-dune-nouvelle-centrale-nucleaire\\\/#article\",\"isPartOf\":{\"@id\":\"https:\\\/\\\/cna.ca\\\/fr\\\/2011\\\/04\\\/02\\\/memoire-presente-a-la-commission-dexamen-conjoint-pour-le-projet-de-construction-dune-nouvelle-centrale-nucleaire\\\/\"},\"author\":{\"name\":\"cna_admin\",\"@id\":\"https:\\\/\\\/cna.ca\\\/fr\\\/#\\\/schema\\\/person\\\/b0c8179b9b04ade90057bc7a30b2fbd2\"},\"headline\":\"M\u00e9moire pr\u00e9sent\u00e9 \u00e0 la Commission d\u2019examen conjoint pour le projet de construction d\u2019une nouvelle centrale&nbsp;nucl\u00e9aire\",\"datePublished\":\"2011-04-02T05:00:02+00:00\",\"dateModified\":\"2020-03-10T17:55:36+00:00\",\"mainEntityOfPage\":{\"@id\":\"https:\\\/\\\/cna.ca\\\/fr\\\/2011\\\/04\\\/02\\\/memoire-presente-a-la-commission-dexamen-conjoint-pour-le-projet-de-construction-dune-nouvelle-centrale-nucleaire\\\/\"},\"wordCount\":3121,\"publisher\":{\"@id\":\"https:\\\/\\\/cna.ca\\\/fr\\\/#organization\"},\"articleSection\":[\"Discours\"],\"inLanguage\":\"fr-FR\"},{\"@type\":\"WebPage\",\"@id\":\"https:\\\/\\\/cna.ca\\\/fr\\\/2011\\\/04\\\/02\\\/memoire-presente-a-la-commission-dexamen-conjoint-pour-le-projet-de-construction-dune-nouvelle-centrale-nucleaire\\\/\",\"url\":\"https:\\\/\\\/cna.ca\\\/fr\\\/2011\\\/04\\\/02\\\/memoire-presente-a-la-commission-dexamen-conjoint-pour-le-projet-de-construction-dune-nouvelle-centrale-nucleaire\\\/\",\"name\":\"M\u00e9moire pr\u00e9sent\u00e9 \u00e0 la Commission d\u2019examen conjoint pour le projet de construction d\u2019une nouvelle centrale nucl\u00e9aire - Association nucl\u00e9aire canadienne\",\"isPartOf\":{\"@id\":\"https:\\\/\\\/cna.ca\\\/fr\\\/#website\"},\"datePublished\":\"2011-04-02T05:00:02+00:00\",\"dateModified\":\"2020-03-10T17:55:36+00:00\",\"breadcrumb\":{\"@id\":\"https:\\\/\\\/cna.ca\\\/fr\\\/2011\\\/04\\\/02\\\/memoire-presente-a-la-commission-dexamen-conjoint-pour-le-projet-de-construction-dune-nouvelle-centrale-nucleaire\\\/#breadcrumb\"},\"inLanguage\":\"fr-FR\",\"potentialAction\":[{\"@type\":\"ReadAction\",\"target\":[\"https:\\\/\\\/cna.ca\\\/fr\\\/2011\\\/04\\\/02\\\/memoire-presente-a-la-commission-dexamen-conjoint-pour-le-projet-de-construction-dune-nouvelle-centrale-nucleaire\\\/\"]}]},{\"@type\":\"BreadcrumbList\",\"@id\":\"https:\\\/\\\/cna.ca\\\/fr\\\/2011\\\/04\\\/02\\\/memoire-presente-a-la-commission-dexamen-conjoint-pour-le-projet-de-construction-dune-nouvelle-centrale-nucleaire\\\/#breadcrumb\",\"itemListElement\":[{\"@type\":\"ListItem\",\"position\":1,\"name\":\"Home\",\"item\":\"https:\\\/\\\/cna.ca\\\/fr\\\/\"},{\"@type\":\"ListItem\",\"position\":2,\"name\":\"M\u00e9moire pr\u00e9sent\u00e9 \u00e0 la Commission d\u2019examen conjoint pour le projet de construction d\u2019une nouvelle centrale&nbsp;nucl\u00e9aire\"}]},{\"@type\":\"WebSite\",\"@id\":\"https:\\\/\\\/cna.ca\\\/fr\\\/#website\",\"url\":\"https:\\\/\\\/cna.ca\\\/fr\\\/\",\"name\":\"Canadian Nuclear Association\",\"description\":\"The national voice of the Canadian nuclear industry since 1960\",\"publisher\":{\"@id\":\"https:\\\/\\\/cna.ca\\\/fr\\\/#organization\"},\"potentialAction\":[{\"@type\":\"SearchAction\",\"target\":{\"@type\":\"EntryPoint\",\"urlTemplate\":\"https:\\\/\\\/cna.ca\\\/fr\\\/?s={search_term_string}\"},\"query-input\":{\"@type\":\"PropertyValueSpecification\",\"valueRequired\":true,\"valueName\":\"search_term_string\"}}],\"inLanguage\":\"fr-FR\"},{\"@type\":\"Organization\",\"@id\":\"https:\\\/\\\/cna.ca\\\/fr\\\/#organization\",\"name\":\"Canadian Nuclear Association\",\"url\":\"https:\\\/\\\/cna.ca\\\/fr\\\/\",\"logo\":{\"@type\":\"ImageObject\",\"inLanguage\":\"fr-FR\",\"@id\":\"https:\\\/\\\/cna.ca\\\/fr\\\/#\\\/schema\\\/logo\\\/image\\\/\",\"url\":\"https:\\\/\\\/cna.ca\\\/wp-content\\\/uploads\\\/2023\\\/12\\\/cropped-cna-logo-only.png\",\"contentUrl\":\"https:\\\/\\\/cna.ca\\\/wp-content\\\/uploads\\\/2023\\\/12\\\/cropped-cna-logo-only.png\",\"width\":512,\"height\":512,\"caption\":\"Canadian Nuclear Association\"},\"image\":{\"@id\":\"https:\\\/\\\/cna.ca\\\/fr\\\/#\\\/schema\\\/logo\\\/image\\\/\"},\"sameAs\":[\"http:\\\/\\\/www.facebook.com\\\/canadanuclear\",\"https:\\\/\\\/x.com\\\/canadanuclear\",\"https:\\\/\\\/www.instagram.com\\\/canadanuclear\",\"https:\\\/\\\/www.youtube.com\\\/CanadaNuclear\",\"http:\\\/\\\/www.linkedin.com\\\/company\\\/canadian-nuclear-association\"]},{\"@type\":\"Person\",\"@id\":\"https:\\\/\\\/cna.ca\\\/fr\\\/#\\\/schema\\\/person\\\/b0c8179b9b04ade90057bc7a30b2fbd2\",\"name\":\"cna_admin\",\"url\":\"https:\\\/\\\/cna.ca\\\/fr\\\/author\\\/cna_admin\\\/\"}]}<\/script>\n<!-- \/ Yoast SEO plugin. -->","yoast_head_json":{"title":"M\u00e9moire pr\u00e9sent\u00e9 \u00e0 la Commission d\u2019examen conjoint pour le projet de construction d\u2019une nouvelle centrale nucl\u00e9aire - Association nucl\u00e9aire canadienne","robots":{"index":"index","follow":"follow","max-snippet":"max-snippet:-1","max-image-preview":"max-image-preview:large","max-video-preview":"max-video-preview:-1"},"canonical":"https:\/\/cna.ca\/fr\/2011\/04\/02\/memoire-presente-a-la-commission-dexamen-conjoint-pour-le-projet-de-construction-dune-nouvelle-centrale-nucleaire\/","og_locale":"fr_FR","og_type":"article","og_title":"M\u00e9moire pr\u00e9sent\u00e9 \u00e0 la Commission d\u2019examen conjoint pour le projet de construction d\u2019une nouvelle centrale nucl\u00e9aire - Association nucl\u00e9aire canadienne","og_description":"M\u00e9moire pr\u00e9sent\u00e9 par Denise Carpenter, pr\u00e9sidente et chef de la direction, Association nucl\u00e9aire canadienne \u00e0 la Commission d\u2019examen conjoint pour le projet de construction d\u2019une nouvelle centrale nucl\u00e9aire le 2 avril 2011","og_url":"https:\/\/cna.ca\/fr\/2011\/04\/02\/memoire-presente-a-la-commission-dexamen-conjoint-pour-le-projet-de-construction-dune-nouvelle-centrale-nucleaire\/","og_site_name":"Association nucl\u00e9aire canadienne","article_publisher":"http:\/\/www.facebook.com\/canadanuclear","article_published_time":"2011-04-02T05:00:02+00:00","article_modified_time":"2020-03-10T17:55:36+00:00","author":"cna_admin","twitter_misc":{"Written by":"cna_admin","Est. reading time":"16 minutes"},"schema":{"@context":"https:\/\/schema.org","@graph":[{"@type":"Article","@id":"https:\/\/cna.ca\/fr\/2011\/04\/02\/memoire-presente-a-la-commission-dexamen-conjoint-pour-le-projet-de-construction-dune-nouvelle-centrale-nucleaire\/#article","isPartOf":{"@id":"https:\/\/cna.ca\/fr\/2011\/04\/02\/memoire-presente-a-la-commission-dexamen-conjoint-pour-le-projet-de-construction-dune-nouvelle-centrale-nucleaire\/"},"author":{"name":"cna_admin","@id":"https:\/\/cna.ca\/fr\/#\/schema\/person\/b0c8179b9b04ade90057bc7a30b2fbd2"},"headline":"M\u00e9moire pr\u00e9sent\u00e9 \u00e0 la Commission d\u2019examen conjoint pour le projet de construction d\u2019une nouvelle centrale&nbsp;nucl\u00e9aire","datePublished":"2011-04-02T05:00:02+00:00","dateModified":"2020-03-10T17:55:36+00:00","mainEntityOfPage":{"@id":"https:\/\/cna.ca\/fr\/2011\/04\/02\/memoire-presente-a-la-commission-dexamen-conjoint-pour-le-projet-de-construction-dune-nouvelle-centrale-nucleaire\/"},"wordCount":3121,"publisher":{"@id":"https:\/\/cna.ca\/fr\/#organization"},"articleSection":["Discours"],"inLanguage":"fr-FR"},{"@type":"WebPage","@id":"https:\/\/cna.ca\/fr\/2011\/04\/02\/memoire-presente-a-la-commission-dexamen-conjoint-pour-le-projet-de-construction-dune-nouvelle-centrale-nucleaire\/","url":"https:\/\/cna.ca\/fr\/2011\/04\/02\/memoire-presente-a-la-commission-dexamen-conjoint-pour-le-projet-de-construction-dune-nouvelle-centrale-nucleaire\/","name":"M\u00e9moire pr\u00e9sent\u00e9 \u00e0 la Commission d\u2019examen conjoint pour le projet de construction d\u2019une nouvelle centrale nucl\u00e9aire - Association nucl\u00e9aire canadienne","isPartOf":{"@id":"https:\/\/cna.ca\/fr\/#website"},"datePublished":"2011-04-02T05:00:02+00:00","dateModified":"2020-03-10T17:55:36+00:00","breadcrumb":{"@id":"https:\/\/cna.ca\/fr\/2011\/04\/02\/memoire-presente-a-la-commission-dexamen-conjoint-pour-le-projet-de-construction-dune-nouvelle-centrale-nucleaire\/#breadcrumb"},"inLanguage":"fr-FR","potentialAction":[{"@type":"ReadAction","target":["https:\/\/cna.ca\/fr\/2011\/04\/02\/memoire-presente-a-la-commission-dexamen-conjoint-pour-le-projet-de-construction-dune-nouvelle-centrale-nucleaire\/"]}]},{"@type":"BreadcrumbList","@id":"https:\/\/cna.ca\/fr\/2011\/04\/02\/memoire-presente-a-la-commission-dexamen-conjoint-pour-le-projet-de-construction-dune-nouvelle-centrale-nucleaire\/#breadcrumb","itemListElement":[{"@type":"ListItem","position":1,"name":"Home","item":"https:\/\/cna.ca\/fr\/"},{"@type":"ListItem","position":2,"name":"M\u00e9moire pr\u00e9sent\u00e9 \u00e0 la Commission d\u2019examen conjoint pour le projet de construction d\u2019une nouvelle centrale&nbsp;nucl\u00e9aire"}]},{"@type":"WebSite","@id":"https:\/\/cna.ca\/fr\/#website","url":"https:\/\/cna.ca\/fr\/","name":"Canadian Nuclear Association","description":"The national voice of the Canadian nuclear industry since 1960","publisher":{"@id":"https:\/\/cna.ca\/fr\/#organization"},"potentialAction":[{"@type":"SearchAction","target":{"@type":"EntryPoint","urlTemplate":"https:\/\/cna.ca\/fr\/?s={search_term_string}"},"query-input":{"@type":"PropertyValueSpecification","valueRequired":true,"valueName":"search_term_string"}}],"inLanguage":"fr-FR"},{"@type":"Organization","@id":"https:\/\/cna.ca\/fr\/#organization","name":"Canadian Nuclear Association","url":"https:\/\/cna.ca\/fr\/","logo":{"@type":"ImageObject","inLanguage":"fr-FR","@id":"https:\/\/cna.ca\/fr\/#\/schema\/logo\/image\/","url":"https:\/\/cna.ca\/wp-content\/uploads\/2023\/12\/cropped-cna-logo-only.png","contentUrl":"https:\/\/cna.ca\/wp-content\/uploads\/2023\/12\/cropped-cna-logo-only.png","width":512,"height":512,"caption":"Canadian Nuclear Association"},"image":{"@id":"https:\/\/cna.ca\/fr\/#\/schema\/logo\/image\/"},"sameAs":["http:\/\/www.facebook.com\/canadanuclear","https:\/\/x.com\/canadanuclear","https:\/\/www.instagram.com\/canadanuclear","https:\/\/www.youtube.com\/CanadaNuclear","http:\/\/www.linkedin.com\/company\/canadian-nuclear-association"]},{"@type":"Person","@id":"https:\/\/cna.ca\/fr\/#\/schema\/person\/b0c8179b9b04ade90057bc7a30b2fbd2","name":"cna_admin","url":"https:\/\/cna.ca\/fr\/author\/cna_admin\/"}]}},"_links":{"self":[{"href":"https:\/\/cna.ca\/fr\/wp-json\/wp\/v2\/posts\/7769","targetHints":{"allow":["GET"]}}],"collection":[{"href":"https:\/\/cna.ca\/fr\/wp-json\/wp\/v2\/posts"}],"about":[{"href":"https:\/\/cna.ca\/fr\/wp-json\/wp\/v2\/types\/post"}],"author":[{"embeddable":true,"href":"https:\/\/cna.ca\/fr\/wp-json\/wp\/v2\/users\/1"}],"replies":[{"embeddable":true,"href":"https:\/\/cna.ca\/fr\/wp-json\/wp\/v2\/comments?post=7769"}],"version-history":[{"count":2,"href":"https:\/\/cna.ca\/fr\/wp-json\/wp\/v2\/posts\/7769\/revisions"}],"predecessor-version":[{"id":25858,"href":"https:\/\/cna.ca\/fr\/wp-json\/wp\/v2\/posts\/7769\/revisions\/25858"}],"wp:attachment":[{"href":"https:\/\/cna.ca\/fr\/wp-json\/wp\/v2\/media?parent=7769"}],"wp:term":[{"taxonomy":"category","embeddable":true,"href":"https:\/\/cna.ca\/fr\/wp-json\/wp\/v2\/categories?post=7769"},{"taxonomy":"post_tag","embeddable":true,"href":"https:\/\/cna.ca\/fr\/wp-json\/wp\/v2\/tags?post=7769"},{"taxonomy":"topic","embeddable":true,"href":"https:\/\/cna.ca\/fr\/wp-json\/wp\/v2\/topic?post=7769"}],"curies":[{"name":"wp","href":"https:\/\/api.w.org\/{rel}","templated":true}]}}