{"id":29848,"date":"2020-12-02T10:24:38","date_gmt":"2020-12-02T15:24:38","guid":{"rendered":"https:\/\/cna.ca\/?p=29848"},"modified":"2020-12-02T10:24:40","modified_gmt":"2020-12-02T15:24:40","slug":"declaration-de-lassociation-nucleaire-canadienne-au-sujet-de-lenonce-economique-de-lautomne","status":"publish","type":"post","link":"https:\/\/cna.ca\/fr\/2020\/12\/02\/declaration-de-lassociation-nucleaire-canadienne-au-sujet-de-lenonce-economique-de-lautomne\/","title":{"rendered":"D\u00e9claration de l\u2019Association nucl\u00e9aire canadienne au sujet de l\u2019\u00c9nonc\u00e9 \u00e9conomique de&nbsp;l\u2019automne"},"content":{"rendered":"\n<p>\u00c0 la suite de l\u2019inclusion des petits r\u00e9acteurs modulaires (PRM) dans l\u2019<em>\u00c9nonc\u00e9 \u00e9conomique de l\u2019automne<\/em> publi\u00e9 aujourd\u2019hui, vous trouverez ci-dessous une d\u00e9claration de John&nbsp;Gorman, pr\u00e9sident-directeur g\u00e9n\u00e9ral de l\u2019Association nucl\u00e9aire canadienne&nbsp;:<\/p>\n\n\n\n<p>***<\/p>\n\n\n\n<p><em>\u00ab&nbsp;Aujourd\u2019hui est une bonne journ\u00e9e pour celles et ceux qui souhaitent la d\u00e9carbonation de notre \u00e9conomie. Le gouvernement a reconnu que si nous souhaitons atteindre l\u2019objectif de la carboneutralit\u00e9 d\u2019ici&nbsp;2050, tout le secteur \u00e9nerg\u00e9tique doit d\u00e9ployer des efforts&nbsp;: l\u2019hydro\u00e9lectricit\u00e9, l\u2019\u00e9nergie \u00e9olienne, l\u2019\u00e9nergie solaire, l\u2019\u00e9nergie nucl\u00e9aire, l\u2019\u00e9nergie mar\u00e9motrice et les combustibles propres comme l\u2019hydrog\u00e8ne.<\/em><em><\/em><\/p>\n\n\n\n<p><em>L\u2019Association nucl\u00e9aire canadienne a travaill\u00e9 pour rallier les appuis \u00e0 la commercialisation rapide des petits r\u00e9acteurs nucl\u00e9aires modulaires (PRM). En tant que chef de file mondial des PRM, le Canada peut faire progresser la d\u00e9carbonation de sa production d\u2019\u00e9lectricit\u00e9 restante et favoriser le passage de la production industrielle lourde \u2013 de l\u2019acier au ciment, en passant par l\u2019exploitation mini\u00e8re, p\u00e9troli\u00e8re et gazi\u00e8re \u2013 vers celle de sources non polluantes. Dans <\/em>l\u2019\u00c9nonc\u00e9 \u00e9conomique de l\u2019automne<em> paru aujourd\u2019hui, le gouvernement s\u2019est engag\u00e9 \u00e0 pr\u00e9senter un plan d\u2019action d\u2019ici la fin de&nbsp;2020 et \u00e0 cr\u00e9er un partenariat avec les gouvernements du Nouveau-Brunswick, de l\u2019Ontario, de l\u2019Alberta et de la Saskatchewan afin de faire progresser le d\u00e9ploiement des&nbsp;PRM.<\/em><em><\/em><\/p>\n\n\n\n<p><em>L\u2019\u00e9lectricit\u00e9 propre est une voie \u00e0 suivre pour tous les secteurs de notre \u00e9conomie pour atteindre l\u2019objectif de carboneutralit\u00e9 d\u2019ici&nbsp;2050. Nous sommes encourag\u00e9s par le fait que l\u2019<\/em>\u00c9nonc\u00e9 \u00e9conomique de l\u2019automne<em> pr\u00e9sent\u00e9 aujourd\u2019hui met l\u2019accent sur l\u2019\u00e9lectricit\u00e9 propre, et nous attendons avec impatience la publication du plan d\u2019action canadien sur les petits r\u00e9acteurs modulaires d\u2019ici la fin de l\u2019ann\u00e9e.&nbsp;\u00bb<\/em><em><\/em><\/p>\n\n\n\n<p>\u2013\u00a0John\u00a0Gorman, Pr\u00e9sident et chef de le direction, Association nucl\u00e9aire canadienne<\/p>\n","protected":false},"excerpt":{"rendered":"<p>\u00c0 la suite de l\u2019inclusion des petits r\u00e9acteurs modulaires (PRM) dans l\u2019\u00c9nonc\u00e9 \u00e9conomique de l\u2019automne publi\u00e9 aujourd\u2019hui, vous trouverez ci-dessous une d\u00e9claration de John&nbsp;Gorman, pr\u00e9sident-directeur g\u00e9n\u00e9ral de l\u2019Association nucl\u00e9aire canadienne&nbsp;: *** \u00ab&nbsp;Aujourd\u2019hui est une bonne journ\u00e9e pour celles et ceux qui souhaitent la d\u00e9carbonation de notre \u00e9conomie. Le gouvernement a reconnu que si nous souhaitons [&hellip;]<\/p>\n","protected":false},"author":8399,"featured_media":28229,"comment_status":"closed","ping_status":"open","sticky":false,"template":"","format":"standard","meta":{"_acf_changed":false,"footnotes":""},"categories":[491],"tags":[],"topic":[],"class_list":["post-29848","post","type-post","status-publish","format-standard","has-post-thumbnail","hentry","category-news-releases-fr"],"acf":[],"yoast_head":"<!-- This site is optimized with the Yoast SEO plugin v27.4 - https:\/\/yoast.com\/product\/yoast-seo-wordpress\/ -->\n<title>D\u00e9claration de l\u2019Association nucl\u00e9aire canadienne au sujet de l\u2019\u00c9nonc\u00e9 \u00e9conomique de l\u2019automne - Association nucl\u00e9aire canadienne<\/title>\n<meta name=\"robots\" content=\"index, follow, max-snippet:-1, max-image-preview:large, max-video-preview:-1\" \/>\n<link rel=\"canonical\" href=\"https:\/\/cna.ca\/fr\/2020\/12\/02\/declaration-de-lassociation-nucleaire-canadienne-au-sujet-de-lenonce-economique-de-lautomne\/\" \/>\n<meta property=\"og:locale\" content=\"fr_FR\" \/>\n<meta property=\"og:type\" content=\"article\" \/>\n<meta property=\"og:title\" content=\"D\u00e9claration de l\u2019Association nucl\u00e9aire canadienne au sujet de l\u2019\u00c9nonc\u00e9 \u00e9conomique de l\u2019automne - Association nucl\u00e9aire canadienne\" \/>\n<meta property=\"og:description\" content=\"\u00c0 la suite de l\u2019inclusion des petits r\u00e9acteurs modulaires (PRM) dans l\u2019\u00c9nonc\u00e9 \u00e9conomique de l\u2019automne publi\u00e9 aujourd\u2019hui, vous trouverez ci-dessous une d\u00e9claration de John&nbsp;Gorman, pr\u00e9sident-directeur g\u00e9n\u00e9ral de l\u2019Association nucl\u00e9aire canadienne&nbsp;: *** \u00ab&nbsp;Aujourd\u2019hui est une bonne journ\u00e9e pour celles et ceux qui souhaitent la d\u00e9carbonation de notre \u00e9conomie. Le gouvernement a reconnu que si nous souhaitons [&hellip;]\" \/>\n<meta property=\"og:url\" content=\"https:\/\/cna.ca\/fr\/2020\/12\/02\/declaration-de-lassociation-nucleaire-canadienne-au-sujet-de-lenonce-economique-de-lautomne\/\" \/>\n<meta property=\"og:site_name\" content=\"Association nucl\u00e9aire canadienne\" \/>\n<meta property=\"article:publisher\" content=\"http:\/\/www.facebook.com\/canadanuclear\" \/>\n<meta property=\"article:published_time\" content=\"2020-12-02T15:24:38+00:00\" \/>\n<meta property=\"article:modified_time\" content=\"2020-12-02T15:24:40+00:00\" \/>\n<meta property=\"og:image\" content=\"https:\/\/cna.ca\/wp-content\/uploads\/2020\/08\/cna-og.jpg\" \/>\n\t<meta property=\"og:image:width\" content=\"1200\" \/>\n\t<meta property=\"og:image:height\" content=\"630\" \/>\n\t<meta property=\"og:image:type\" content=\"image\/jpeg\" \/>\n<meta name=\"author\" content=\"Ashley Anstey\" \/>\n<meta name=\"twitter:label1\" content=\"Written by\" \/>\n\t<meta name=\"twitter:data1\" content=\"Ashley Anstey\" \/>\n\t<meta name=\"twitter:label2\" content=\"Est. reading time\" \/>\n\t<meta name=\"twitter:data2\" content=\"2 minutes\" \/>\n<script type=\"application\/ld+json\" class=\"yoast-schema-graph\">{\"@context\":\"https:\\\/\\\/schema.org\",\"@graph\":[{\"@type\":\"Article\",\"@id\":\"https:\\\/\\\/cna.ca\\\/fr\\\/2020\\\/12\\\/02\\\/declaration-de-lassociation-nucleaire-canadienne-au-sujet-de-lenonce-economique-de-lautomne\\\/#article\",\"isPartOf\":{\"@id\":\"https:\\\/\\\/cna.ca\\\/fr\\\/2020\\\/12\\\/02\\\/declaration-de-lassociation-nucleaire-canadienne-au-sujet-de-lenonce-economique-de-lautomne\\\/\"},\"author\":{\"name\":\"Ashley Anstey\",\"@id\":\"https:\\\/\\\/cna.ca\\\/fr\\\/#\\\/schema\\\/person\\\/d07251ff6804c19ad5bd07dec66c588d\"},\"headline\":\"D\u00e9claration de l\u2019Association nucl\u00e9aire canadienne au sujet de l\u2019\u00c9nonc\u00e9 \u00e9conomique de&nbsp;l\u2019automne\",\"datePublished\":\"2020-12-02T15:24:38+00:00\",\"dateModified\":\"2020-12-02T15:24:40+00:00\",\"mainEntityOfPage\":{\"@id\":\"https:\\\/\\\/cna.ca\\\/fr\\\/2020\\\/12\\\/02\\\/declaration-de-lassociation-nucleaire-canadienne-au-sujet-de-lenonce-economique-de-lautomne\\\/\"},\"wordCount\":356,\"publisher\":{\"@id\":\"https:\\\/\\\/cna.ca\\\/fr\\\/#organization\"},\"image\":{\"@id\":\"https:\\\/\\\/cna.ca\\\/fr\\\/2020\\\/12\\\/02\\\/declaration-de-lassociation-nucleaire-canadienne-au-sujet-de-lenonce-economique-de-lautomne\\\/#primaryimage\"},\"thumbnailUrl\":\"https:\\\/\\\/cna.ca\\\/wp-content\\\/uploads\\\/2020\\\/08\\\/cna-og.jpg\",\"articleSection\":[\"News Releases\"],\"inLanguage\":\"fr-FR\"},{\"@type\":\"WebPage\",\"@id\":\"https:\\\/\\\/cna.ca\\\/fr\\\/2020\\\/12\\\/02\\\/declaration-de-lassociation-nucleaire-canadienne-au-sujet-de-lenonce-economique-de-lautomne\\\/\",\"url\":\"https:\\\/\\\/cna.ca\\\/fr\\\/2020\\\/12\\\/02\\\/declaration-de-lassociation-nucleaire-canadienne-au-sujet-de-lenonce-economique-de-lautomne\\\/\",\"name\":\"D\u00e9claration de l\u2019Association nucl\u00e9aire canadienne au sujet de l\u2019\u00c9nonc\u00e9 \u00e9conomique de l\u2019automne - Association nucl\u00e9aire canadienne\",\"isPartOf\":{\"@id\":\"https:\\\/\\\/cna.ca\\\/fr\\\/#website\"},\"primaryImageOfPage\":{\"@id\":\"https:\\\/\\\/cna.ca\\\/fr\\\/2020\\\/12\\\/02\\\/declaration-de-lassociation-nucleaire-canadienne-au-sujet-de-lenonce-economique-de-lautomne\\\/#primaryimage\"},\"image\":{\"@id\":\"https:\\\/\\\/cna.ca\\\/fr\\\/2020\\\/12\\\/02\\\/declaration-de-lassociation-nucleaire-canadienne-au-sujet-de-lenonce-economique-de-lautomne\\\/#primaryimage\"},\"thumbnailUrl\":\"https:\\\/\\\/cna.ca\\\/wp-content\\\/uploads\\\/2020\\\/08\\\/cna-og.jpg\",\"datePublished\":\"2020-12-02T15:24:38+00:00\",\"dateModified\":\"2020-12-02T15:24:40+00:00\",\"breadcrumb\":{\"@id\":\"https:\\\/\\\/cna.ca\\\/fr\\\/2020\\\/12\\\/02\\\/declaration-de-lassociation-nucleaire-canadienne-au-sujet-de-lenonce-economique-de-lautomne\\\/#breadcrumb\"},\"inLanguage\":\"fr-FR\",\"potentialAction\":[{\"@type\":\"ReadAction\",\"target\":[\"https:\\\/\\\/cna.ca\\\/fr\\\/2020\\\/12\\\/02\\\/declaration-de-lassociation-nucleaire-canadienne-au-sujet-de-lenonce-economique-de-lautomne\\\/\"]}]},{\"@type\":\"ImageObject\",\"inLanguage\":\"fr-FR\",\"@id\":\"https:\\\/\\\/cna.ca\\\/fr\\\/2020\\\/12\\\/02\\\/declaration-de-lassociation-nucleaire-canadienne-au-sujet-de-lenonce-economique-de-lautomne\\\/#primaryimage\",\"url\":\"https:\\\/\\\/cna.ca\\\/wp-content\\\/uploads\\\/2020\\\/08\\\/cna-og.jpg\",\"contentUrl\":\"https:\\\/\\\/cna.ca\\\/wp-content\\\/uploads\\\/2020\\\/08\\\/cna-og.jpg\",\"width\":1200,\"height\":630},{\"@type\":\"BreadcrumbList\",\"@id\":\"https:\\\/\\\/cna.ca\\\/fr\\\/2020\\\/12\\\/02\\\/declaration-de-lassociation-nucleaire-canadienne-au-sujet-de-lenonce-economique-de-lautomne\\\/#breadcrumb\",\"itemListElement\":[{\"@type\":\"ListItem\",\"position\":1,\"name\":\"Home\",\"item\":\"https:\\\/\\\/cna.ca\\\/fr\\\/\"},{\"@type\":\"ListItem\",\"position\":2,\"name\":\"D\u00e9claration de l\u2019Association nucl\u00e9aire canadienne au sujet de l\u2019\u00c9nonc\u00e9 \u00e9conomique de&nbsp;l\u2019automne\"}]},{\"@type\":\"WebSite\",\"@id\":\"https:\\\/\\\/cna.ca\\\/fr\\\/#website\",\"url\":\"https:\\\/\\\/cna.ca\\\/fr\\\/\",\"name\":\"Canadian Nuclear Association\",\"description\":\"The national voice of the Canadian nuclear industry since 1960\",\"publisher\":{\"@id\":\"https:\\\/\\\/cna.ca\\\/fr\\\/#organization\"},\"potentialAction\":[{\"@type\":\"SearchAction\",\"target\":{\"@type\":\"EntryPoint\",\"urlTemplate\":\"https:\\\/\\\/cna.ca\\\/fr\\\/?s={search_term_string}\"},\"query-input\":{\"@type\":\"PropertyValueSpecification\",\"valueRequired\":true,\"valueName\":\"search_term_string\"}}],\"inLanguage\":\"fr-FR\"},{\"@type\":\"Organization\",\"@id\":\"https:\\\/\\\/cna.ca\\\/fr\\\/#organization\",\"name\":\"Canadian Nuclear Association\",\"url\":\"https:\\\/\\\/cna.ca\\\/fr\\\/\",\"logo\":{\"@type\":\"ImageObject\",\"inLanguage\":\"fr-FR\",\"@id\":\"https:\\\/\\\/cna.ca\\\/fr\\\/#\\\/schema\\\/logo\\\/image\\\/\",\"url\":\"https:\\\/\\\/cna.ca\\\/wp-content\\\/uploads\\\/2023\\\/12\\\/cropped-cna-logo-only.png\",\"contentUrl\":\"https:\\\/\\\/cna.ca\\\/wp-content\\\/uploads\\\/2023\\\/12\\\/cropped-cna-logo-only.png\",\"width\":512,\"height\":512,\"caption\":\"Canadian Nuclear Association\"},\"image\":{\"@id\":\"https:\\\/\\\/cna.ca\\\/fr\\\/#\\\/schema\\\/logo\\\/image\\\/\"},\"sameAs\":[\"http:\\\/\\\/www.facebook.com\\\/canadanuclear\",\"https:\\\/\\\/x.com\\\/canadanuclear\",\"https:\\\/\\\/www.instagram.com\\\/canadanuclear\",\"https:\\\/\\\/www.youtube.com\\\/CanadaNuclear\",\"http:\\\/\\\/www.linkedin.com\\\/company\\\/canadian-nuclear-association\"]},{\"@type\":\"Person\",\"@id\":\"https:\\\/\\\/cna.ca\\\/fr\\\/#\\\/schema\\\/person\\\/d07251ff6804c19ad5bd07dec66c588d\",\"name\":\"Ashley Anstey\",\"url\":\"https:\\\/\\\/cna.ca\\\/fr\\\/author\\\/ashley\\\/\"}]}<\/script>\n<!-- \/ Yoast SEO plugin. -->","yoast_head_json":{"title":"D\u00e9claration de l\u2019Association nucl\u00e9aire canadienne au sujet de l\u2019\u00c9nonc\u00e9 \u00e9conomique de l\u2019automne - Association nucl\u00e9aire canadienne","robots":{"index":"index","follow":"follow","max-snippet":"max-snippet:-1","max-image-preview":"max-image-preview:large","max-video-preview":"max-video-preview:-1"},"canonical":"https:\/\/cna.ca\/fr\/2020\/12\/02\/declaration-de-lassociation-nucleaire-canadienne-au-sujet-de-lenonce-economique-de-lautomne\/","og_locale":"fr_FR","og_type":"article","og_title":"D\u00e9claration de l\u2019Association nucl\u00e9aire canadienne au sujet de l\u2019\u00c9nonc\u00e9 \u00e9conomique de l\u2019automne - Association nucl\u00e9aire canadienne","og_description":"\u00c0 la suite de l\u2019inclusion des petits r\u00e9acteurs modulaires (PRM) dans l\u2019\u00c9nonc\u00e9 \u00e9conomique de l\u2019automne publi\u00e9 aujourd\u2019hui, vous trouverez ci-dessous une d\u00e9claration de John&nbsp;Gorman, pr\u00e9sident-directeur g\u00e9n\u00e9ral de l\u2019Association nucl\u00e9aire canadienne&nbsp;: *** \u00ab&nbsp;Aujourd\u2019hui est une bonne journ\u00e9e pour celles et ceux qui souhaitent la d\u00e9carbonation de notre \u00e9conomie. Le gouvernement a reconnu que si nous souhaitons [&hellip;]","og_url":"https:\/\/cna.ca\/fr\/2020\/12\/02\/declaration-de-lassociation-nucleaire-canadienne-au-sujet-de-lenonce-economique-de-lautomne\/","og_site_name":"Association nucl\u00e9aire canadienne","article_publisher":"http:\/\/www.facebook.com\/canadanuclear","article_published_time":"2020-12-02T15:24:38+00:00","article_modified_time":"2020-12-02T15:24:40+00:00","og_image":[{"width":1200,"height":630,"url":"https:\/\/cna.ca\/wp-content\/uploads\/2020\/08\/cna-og.jpg","type":"image\/jpeg"}],"author":"Ashley Anstey","twitter_misc":{"Written by":"Ashley Anstey","Est. reading time":"2 minutes"},"schema":{"@context":"https:\/\/schema.org","@graph":[{"@type":"Article","@id":"https:\/\/cna.ca\/fr\/2020\/12\/02\/declaration-de-lassociation-nucleaire-canadienne-au-sujet-de-lenonce-economique-de-lautomne\/#article","isPartOf":{"@id":"https:\/\/cna.ca\/fr\/2020\/12\/02\/declaration-de-lassociation-nucleaire-canadienne-au-sujet-de-lenonce-economique-de-lautomne\/"},"author":{"name":"Ashley Anstey","@id":"https:\/\/cna.ca\/fr\/#\/schema\/person\/d07251ff6804c19ad5bd07dec66c588d"},"headline":"D\u00e9claration de l\u2019Association nucl\u00e9aire canadienne au sujet de l\u2019\u00c9nonc\u00e9 \u00e9conomique de&nbsp;l\u2019automne","datePublished":"2020-12-02T15:24:38+00:00","dateModified":"2020-12-02T15:24:40+00:00","mainEntityOfPage":{"@id":"https:\/\/cna.ca\/fr\/2020\/12\/02\/declaration-de-lassociation-nucleaire-canadienne-au-sujet-de-lenonce-economique-de-lautomne\/"},"wordCount":356,"publisher":{"@id":"https:\/\/cna.ca\/fr\/#organization"},"image":{"@id":"https:\/\/cna.ca\/fr\/2020\/12\/02\/declaration-de-lassociation-nucleaire-canadienne-au-sujet-de-lenonce-economique-de-lautomne\/#primaryimage"},"thumbnailUrl":"https:\/\/cna.ca\/wp-content\/uploads\/2020\/08\/cna-og.jpg","articleSection":["News Releases"],"inLanguage":"fr-FR"},{"@type":"WebPage","@id":"https:\/\/cna.ca\/fr\/2020\/12\/02\/declaration-de-lassociation-nucleaire-canadienne-au-sujet-de-lenonce-economique-de-lautomne\/","url":"https:\/\/cna.ca\/fr\/2020\/12\/02\/declaration-de-lassociation-nucleaire-canadienne-au-sujet-de-lenonce-economique-de-lautomne\/","name":"D\u00e9claration de l\u2019Association nucl\u00e9aire canadienne au sujet de l\u2019\u00c9nonc\u00e9 \u00e9conomique de l\u2019automne - Association nucl\u00e9aire canadienne","isPartOf":{"@id":"https:\/\/cna.ca\/fr\/#website"},"primaryImageOfPage":{"@id":"https:\/\/cna.ca\/fr\/2020\/12\/02\/declaration-de-lassociation-nucleaire-canadienne-au-sujet-de-lenonce-economique-de-lautomne\/#primaryimage"},"image":{"@id":"https:\/\/cna.ca\/fr\/2020\/12\/02\/declaration-de-lassociation-nucleaire-canadienne-au-sujet-de-lenonce-economique-de-lautomne\/#primaryimage"},"thumbnailUrl":"https:\/\/cna.ca\/wp-content\/uploads\/2020\/08\/cna-og.jpg","datePublished":"2020-12-02T15:24:38+00:00","dateModified":"2020-12-02T15:24:40+00:00","breadcrumb":{"@id":"https:\/\/cna.ca\/fr\/2020\/12\/02\/declaration-de-lassociation-nucleaire-canadienne-au-sujet-de-lenonce-economique-de-lautomne\/#breadcrumb"},"inLanguage":"fr-FR","potentialAction":[{"@type":"ReadAction","target":["https:\/\/cna.ca\/fr\/2020\/12\/02\/declaration-de-lassociation-nucleaire-canadienne-au-sujet-de-lenonce-economique-de-lautomne\/"]}]},{"@type":"ImageObject","inLanguage":"fr-FR","@id":"https:\/\/cna.ca\/fr\/2020\/12\/02\/declaration-de-lassociation-nucleaire-canadienne-au-sujet-de-lenonce-economique-de-lautomne\/#primaryimage","url":"https:\/\/cna.ca\/wp-content\/uploads\/2020\/08\/cna-og.jpg","contentUrl":"https:\/\/cna.ca\/wp-content\/uploads\/2020\/08\/cna-og.jpg","width":1200,"height":630},{"@type":"BreadcrumbList","@id":"https:\/\/cna.ca\/fr\/2020\/12\/02\/declaration-de-lassociation-nucleaire-canadienne-au-sujet-de-lenonce-economique-de-lautomne\/#breadcrumb","itemListElement":[{"@type":"ListItem","position":1,"name":"Home","item":"https:\/\/cna.ca\/fr\/"},{"@type":"ListItem","position":2,"name":"D\u00e9claration de l\u2019Association nucl\u00e9aire canadienne au sujet de l\u2019\u00c9nonc\u00e9 \u00e9conomique de&nbsp;l\u2019automne"}]},{"@type":"WebSite","@id":"https:\/\/cna.ca\/fr\/#website","url":"https:\/\/cna.ca\/fr\/","name":"Canadian Nuclear Association","description":"The national voice of the Canadian nuclear industry since 1960","publisher":{"@id":"https:\/\/cna.ca\/fr\/#organization"},"potentialAction":[{"@type":"SearchAction","target":{"@type":"EntryPoint","urlTemplate":"https:\/\/cna.ca\/fr\/?s={search_term_string}"},"query-input":{"@type":"PropertyValueSpecification","valueRequired":true,"valueName":"search_term_string"}}],"inLanguage":"fr-FR"},{"@type":"Organization","@id":"https:\/\/cna.ca\/fr\/#organization","name":"Canadian Nuclear Association","url":"https:\/\/cna.ca\/fr\/","logo":{"@type":"ImageObject","inLanguage":"fr-FR","@id":"https:\/\/cna.ca\/fr\/#\/schema\/logo\/image\/","url":"https:\/\/cna.ca\/wp-content\/uploads\/2023\/12\/cropped-cna-logo-only.png","contentUrl":"https:\/\/cna.ca\/wp-content\/uploads\/2023\/12\/cropped-cna-logo-only.png","width":512,"height":512,"caption":"Canadian Nuclear Association"},"image":{"@id":"https:\/\/cna.ca\/fr\/#\/schema\/logo\/image\/"},"sameAs":["http:\/\/www.facebook.com\/canadanuclear","https:\/\/x.com\/canadanuclear","https:\/\/www.instagram.com\/canadanuclear","https:\/\/www.youtube.com\/CanadaNuclear","http:\/\/www.linkedin.com\/company\/canadian-nuclear-association"]},{"@type":"Person","@id":"https:\/\/cna.ca\/fr\/#\/schema\/person\/d07251ff6804c19ad5bd07dec66c588d","name":"Ashley Anstey","url":"https:\/\/cna.ca\/fr\/author\/ashley\/"}]}},"_links":{"self":[{"href":"https:\/\/cna.ca\/fr\/wp-json\/wp\/v2\/posts\/29848","targetHints":{"allow":["GET"]}}],"collection":[{"href":"https:\/\/cna.ca\/fr\/wp-json\/wp\/v2\/posts"}],"about":[{"href":"https:\/\/cna.ca\/fr\/wp-json\/wp\/v2\/types\/post"}],"author":[{"embeddable":true,"href":"https:\/\/cna.ca\/fr\/wp-json\/wp\/v2\/users\/8399"}],"replies":[{"embeddable":true,"href":"https:\/\/cna.ca\/fr\/wp-json\/wp\/v2\/comments?post=29848"}],"version-history":[{"count":2,"href":"https:\/\/cna.ca\/fr\/wp-json\/wp\/v2\/posts\/29848\/revisions"}],"predecessor-version":[{"id":29850,"href":"https:\/\/cna.ca\/fr\/wp-json\/wp\/v2\/posts\/29848\/revisions\/29850"}],"wp:featuredmedia":[{"embeddable":true,"href":"https:\/\/cna.ca\/fr\/wp-json\/wp\/v2\/media\/28229"}],"wp:attachment":[{"href":"https:\/\/cna.ca\/fr\/wp-json\/wp\/v2\/media?parent=29848"}],"wp:term":[{"taxonomy":"category","embeddable":true,"href":"https:\/\/cna.ca\/fr\/wp-json\/wp\/v2\/categories?post=29848"},{"taxonomy":"post_tag","embeddable":true,"href":"https:\/\/cna.ca\/fr\/wp-json\/wp\/v2\/tags?post=29848"},{"taxonomy":"topic","embeddable":true,"href":"https:\/\/cna.ca\/fr\/wp-json\/wp\/v2\/topic?post=29848"}],"curies":[{"name":"wp","href":"https:\/\/api.w.org\/{rel}","templated":true}]}}