{"id":29748,"date":"2020-11-22T21:00:46","date_gmt":"2020-11-23T02:00:46","guid":{"rendered":"https:\/\/cna.ca\/?p=29748"},"modified":"2020-11-22T21:02:17","modified_gmt":"2020-11-23T02:02:17","slug":"lanc-salue-le-projet-de-loi-sur-la-carboneutralite-une-avancee-importante-vers-la-reduction-des-emissions-au-canada","status":"publish","type":"post","link":"https:\/\/cna.ca\/fr\/2020\/11\/22\/lanc-salue-le-projet-de-loi-sur-la-carboneutralite-une-avancee-importante-vers-la-reduction-des-emissions-au-canada\/","title":{"rendered":"L\u2019ANC salue le projet de loi sur la carboneutralit\u00e9, une avanc\u00e9e importante vers la r\u00e9duction des \u00e9missions au&nbsp;Canada"},"content":{"rendered":"\n<p>OTTAWA (19&nbsp;novembre&nbsp;2020) \u2013 L\u2019Association nucl\u00e9aire canadienne (ANC) accueille favorablement le d\u00e9p\u00f4t par le ministre de l\u2019Environnement, Jonathan Wilkinson, d\u2019un projet de loi f\u00e9d\u00e9ral fixant un objectif de z\u00e9ro \u00e9mission nette, ce qui t\u00e9moigne d\u2019un engagement renouvel\u00e9 en faveur de la r\u00e9duction des \u00e9missions et constitue une \u00e9tape importante dans la promotion de la production d\u2019\u00e9lectricit\u00e9 propre au Canada.<\/p>\n\n\n\n<p>La nouvelle loi f\u00e9d\u00e9rale contraindrait juridiquement le gouvernement et les g\u00e9n\u00e9rations futures \u00e0 s\u2019engager dans un processus visant \u00e0 atteindre la cible de z\u00e9ro \u00e9mission nette d\u2019ici&nbsp;2050.<\/p>\n\n\n\n<p>\u00ab&nbsp;L\u2019objectif de z\u00e9ro \u00e9mission nette d\u2019ici 2050 marque une \u00e9tape historique, et sa r\u00e9alisation n\u00e9cessitera des d\u00e9cisions et des investissements d\u00e8s \u00e0 pr\u00e9sent pour poser les bases des projets de demain portant sur l\u2019\u00e9nergie propre&nbsp;\u00bb, a d\u00e9clar\u00e9 John Gorman, pr\u00e9sident-directeur g\u00e9n\u00e9ral de l\u2019ANC. \u00ab&nbsp;Pour y parvenir, il faudra que tous les secteurs \u2013 l\u2019hydro\u00e9lectricit\u00e9, l\u2019\u00e9nergie \u00e9olienne, solaire, nucl\u00e9aire, g\u00e9othermique, mar\u00e9motrice et les biocarburants \u2013 apportent leur contribution. Le Canada poss\u00e8de d\u00e9j\u00e0 l\u2019un des r\u00e9seaux les plus propres du monde, et en mettant les bouch\u00e9es doubles d\u00e8s maintenant en mati\u00e8re de production d\u2019\u00e9nergie propre, nous deviendrons un mod\u00e8le pour le monde entier&nbsp;\u00bb.&nbsp;&nbsp;<\/p>\n\n\n\n<p>Le r\u00e9seau \u00e9lectrique du Canada est d\u00e9j\u00e0 aliment\u00e9 \u00e0 82&nbsp;% par des sources non \u00e9mettrices, ce qui en fait l\u2019un des r\u00e9seaux \u00e9lectriques les plus importants et les plus propres du monde. Huit Canadien.ne.s sur dix ont d\u00e9j\u00e0 acc\u00e8s \u00e0 plus de 95&nbsp;% d\u2019\u00e9lectricit\u00e9 produite sans \u00e9missions de gaz \u00e0 effet de serre, dans six provinces. La production d\u2019\u00e9lectricit\u00e9 sans \u00e9missions du Canada est actuellement issue d\u2019une combinaison de l\u2019hydro\u00e9lectricit\u00e9, de l\u2019\u00e9nergie nucl\u00e9aire, \u00e9olienne, solaire, g\u00e9othermique et mar\u00e9motrice, de biocarburants, ainsi que du gaz naturel associ\u00e9 au captage et au stockage du carbone. Les fournisseurs d\u2019\u00e9lectricit\u00e9 collaborent et se compl\u00e8tent mutuellement pour faire de l\u2019\u00e9lectricit\u00e9 propre sans \u00e9missions une r\u00e9alit\u00e9 canadienne. La plupart des services publics d\u2019\u00e9lectricit\u00e9 du Canada ont recours conjointement \u00e0 plusieurs de ces technologies d\u2019\u00e9nergie propre.&nbsp;<\/p>\n\n\n\n<p>\u00ab&nbsp;L\u2019annonce d\u2019aujourd\u2019hui souligne l\u2019importance des d\u00e9cisions imminentes concernant l\u2019\u00e9lectricit\u00e9 propre \u2013 une voie importante pour devenir un pays z\u00e9ro \u00e9mission nette&nbsp;\u00bb, a ajout\u00e9 M.&nbsp;Gorman.<\/p>\n\n\n\n<h2 class=\"wp-block-heading\"><strong>\u00c0 propos&nbsp;l\u2019ANC<\/strong><\/h2>\n\n\n\n<p>Chaque ann\u00e9e, au Canada, la technologie nucl\u00e9aire permet d\u2019\u00e9viter 80 millions de tonnes d\u2019\u00e9mission de dioxyde de carbone en suppl\u00e9ant les combustibles fossiles, en plus de fournir 70 % de l\u2019approvisionnement en cobalt-60, soit des radio-isotopes utilis\u00e9s dans les traitements du cancer et la st\u00e9rilisation du mat\u00e9riel m\u00e9dical, entre autres.<\/p>\n\n\n\n<p>Elle g\u00e9n\u00e8re des revenus de plus de 6&nbsp;milliards de dollars et cr\u00e9e plus de 76&nbsp;000&nbsp;emplois directs et indirects, tous bien r\u00e9mun\u00e9r\u00e9s. Le Canada est pr\u00eat \u00e0 consolider sa position \u00e0 la t\u00eate de l\u2019industrie nucl\u00e9aire mondiale gr\u00e2ce \u00e0 l\u2019introduction de technologies de la prochaine g\u00e9n\u00e9ration sous forme de petits r\u00e9acteurs modulaires.<\/p>\n\n\n\n<p>L\u2019Association nucl\u00e9aire canadienne (ANC) est la voix nationale de l\u2019industrie nucl\u00e9aire au Canada depuis 1960. De concert avec ses membres et toutes les communaut\u00e9s d\u2019int\u00e9r\u00eat, l\u2019ANC promeut l\u2019industrie \u00e0 l\u2019\u00e9chelle nationale et internationale, collabore avec les gouvernements sur les politiques la concernant et travaille \u00e0 faire davantage conna\u00eetre et comprendre la contribution de la technologie nucl\u00e9aire \u00e0 l\u2019environnement, \u00e0 l\u2019\u00e9conomie et au quotidien des Canadiens.<\/p>\n","protected":false},"excerpt":{"rendered":"<p>OTTAWA (19&nbsp;novembre&nbsp;2020) \u2013 L\u2019Association nucl\u00e9aire canadienne (ANC) accueille favorablement le d\u00e9p\u00f4t par le ministre de l\u2019Environnement, Jonathan Wilkinson, d\u2019un projet de loi f\u00e9d\u00e9ral fixant un objectif de z\u00e9ro \u00e9mission nette, ce qui t\u00e9moigne d\u2019un engagement renouvel\u00e9 en faveur de la r\u00e9duction des \u00e9missions et constitue une \u00e9tape importante dans la promotion de la production d\u2019\u00e9lectricit\u00e9 [&hellip;]<\/p>\n","protected":false},"author":8399,"featured_media":28229,"comment_status":"closed","ping_status":"open","sticky":false,"template":"","format":"standard","meta":{"_acf_changed":false,"footnotes":""},"categories":[491],"tags":[],"topic":[],"class_list":["post-29748","post","type-post","status-publish","format-standard","has-post-thumbnail","hentry","category-news-releases-fr"],"acf":[],"yoast_head":"<!-- This site is optimized with the Yoast SEO plugin v27.4 - https:\/\/yoast.com\/product\/yoast-seo-wordpress\/ -->\n<title>L\u2019ANC salue le projet de loi sur la carboneutralit\u00e9, une avanc\u00e9e importante vers la r\u00e9duction des \u00e9missions au Canada - Association nucl\u00e9aire canadienne<\/title>\n<meta name=\"robots\" content=\"index, follow, max-snippet:-1, max-image-preview:large, max-video-preview:-1\" \/>\n<link rel=\"canonical\" href=\"https:\/\/cna.ca\/fr\/2020\/11\/22\/lanc-salue-le-projet-de-loi-sur-la-carboneutralite-une-avancee-importante-vers-la-reduction-des-emissions-au-canada\/\" \/>\n<meta property=\"og:locale\" content=\"fr_FR\" \/>\n<meta property=\"og:type\" content=\"article\" \/>\n<meta property=\"og:title\" content=\"L\u2019ANC salue le projet de loi sur la carboneutralit\u00e9, une avanc\u00e9e importante vers la r\u00e9duction des \u00e9missions au Canada - Association nucl\u00e9aire canadienne\" \/>\n<meta property=\"og:description\" content=\"OTTAWA (19&nbsp;novembre&nbsp;2020) \u2013 L\u2019Association nucl\u00e9aire canadienne (ANC) accueille favorablement le d\u00e9p\u00f4t par le ministre de l\u2019Environnement, Jonathan Wilkinson, d\u2019un projet de loi f\u00e9d\u00e9ral fixant un objectif de z\u00e9ro \u00e9mission nette, ce qui t\u00e9moigne d\u2019un engagement renouvel\u00e9 en faveur de la r\u00e9duction des \u00e9missions et constitue une \u00e9tape importante dans la promotion de la production d\u2019\u00e9lectricit\u00e9 [&hellip;]\" \/>\n<meta property=\"og:url\" content=\"https:\/\/cna.ca\/fr\/2020\/11\/22\/lanc-salue-le-projet-de-loi-sur-la-carboneutralite-une-avancee-importante-vers-la-reduction-des-emissions-au-canada\/\" \/>\n<meta property=\"og:site_name\" content=\"Association nucl\u00e9aire canadienne\" \/>\n<meta property=\"article:publisher\" content=\"http:\/\/www.facebook.com\/canadanuclear\" \/>\n<meta property=\"article:published_time\" content=\"2020-11-23T02:00:46+00:00\" \/>\n<meta property=\"article:modified_time\" content=\"2020-11-23T02:02:17+00:00\" \/>\n<meta property=\"og:image\" content=\"https:\/\/cna.ca\/wp-content\/uploads\/2020\/08\/cna-og.jpg\" \/>\n\t<meta property=\"og:image:width\" content=\"1200\" \/>\n\t<meta property=\"og:image:height\" content=\"630\" \/>\n\t<meta property=\"og:image:type\" content=\"image\/jpeg\" \/>\n<meta name=\"author\" content=\"Ashley Anstey\" \/>\n<meta name=\"twitter:label1\" content=\"Written by\" \/>\n\t<meta name=\"twitter:data1\" content=\"Ashley Anstey\" \/>\n\t<meta name=\"twitter:label2\" content=\"Est. reading time\" \/>\n\t<meta name=\"twitter:data2\" content=\"3 minutes\" \/>\n<script type=\"application\/ld+json\" class=\"yoast-schema-graph\">{\"@context\":\"https:\\\/\\\/schema.org\",\"@graph\":[{\"@type\":\"Article\",\"@id\":\"https:\\\/\\\/cna.ca\\\/fr\\\/2020\\\/11\\\/22\\\/lanc-salue-le-projet-de-loi-sur-la-carboneutralite-une-avancee-importante-vers-la-reduction-des-emissions-au-canada\\\/#article\",\"isPartOf\":{\"@id\":\"https:\\\/\\\/cna.ca\\\/fr\\\/2020\\\/11\\\/22\\\/lanc-salue-le-projet-de-loi-sur-la-carboneutralite-une-avancee-importante-vers-la-reduction-des-emissions-au-canada\\\/\"},\"author\":{\"name\":\"Ashley Anstey\",\"@id\":\"https:\\\/\\\/cna.ca\\\/fr\\\/#\\\/schema\\\/person\\\/d07251ff6804c19ad5bd07dec66c588d\"},\"headline\":\"L\u2019ANC salue le projet de loi sur la carboneutralit\u00e9, une avanc\u00e9e importante vers la r\u00e9duction des \u00e9missions au&nbsp;Canada\",\"datePublished\":\"2020-11-23T02:00:46+00:00\",\"dateModified\":\"2020-11-23T02:02:17+00:00\",\"mainEntityOfPage\":{\"@id\":\"https:\\\/\\\/cna.ca\\\/fr\\\/2020\\\/11\\\/22\\\/lanc-salue-le-projet-de-loi-sur-la-carboneutralite-une-avancee-importante-vers-la-reduction-des-emissions-au-canada\\\/\"},\"wordCount\":644,\"publisher\":{\"@id\":\"https:\\\/\\\/cna.ca\\\/fr\\\/#organization\"},\"image\":{\"@id\":\"https:\\\/\\\/cna.ca\\\/fr\\\/2020\\\/11\\\/22\\\/lanc-salue-le-projet-de-loi-sur-la-carboneutralite-une-avancee-importante-vers-la-reduction-des-emissions-au-canada\\\/#primaryimage\"},\"thumbnailUrl\":\"https:\\\/\\\/cna.ca\\\/wp-content\\\/uploads\\\/2020\\\/08\\\/cna-og.jpg\",\"articleSection\":[\"News Releases\"],\"inLanguage\":\"fr-FR\"},{\"@type\":\"WebPage\",\"@id\":\"https:\\\/\\\/cna.ca\\\/fr\\\/2020\\\/11\\\/22\\\/lanc-salue-le-projet-de-loi-sur-la-carboneutralite-une-avancee-importante-vers-la-reduction-des-emissions-au-canada\\\/\",\"url\":\"https:\\\/\\\/cna.ca\\\/fr\\\/2020\\\/11\\\/22\\\/lanc-salue-le-projet-de-loi-sur-la-carboneutralite-une-avancee-importante-vers-la-reduction-des-emissions-au-canada\\\/\",\"name\":\"L\u2019ANC salue le projet de loi sur la carboneutralit\u00e9, une avanc\u00e9e importante vers la r\u00e9duction des \u00e9missions au Canada - Association nucl\u00e9aire canadienne\",\"isPartOf\":{\"@id\":\"https:\\\/\\\/cna.ca\\\/fr\\\/#website\"},\"primaryImageOfPage\":{\"@id\":\"https:\\\/\\\/cna.ca\\\/fr\\\/2020\\\/11\\\/22\\\/lanc-salue-le-projet-de-loi-sur-la-carboneutralite-une-avancee-importante-vers-la-reduction-des-emissions-au-canada\\\/#primaryimage\"},\"image\":{\"@id\":\"https:\\\/\\\/cna.ca\\\/fr\\\/2020\\\/11\\\/22\\\/lanc-salue-le-projet-de-loi-sur-la-carboneutralite-une-avancee-importante-vers-la-reduction-des-emissions-au-canada\\\/#primaryimage\"},\"thumbnailUrl\":\"https:\\\/\\\/cna.ca\\\/wp-content\\\/uploads\\\/2020\\\/08\\\/cna-og.jpg\",\"datePublished\":\"2020-11-23T02:00:46+00:00\",\"dateModified\":\"2020-11-23T02:02:17+00:00\",\"breadcrumb\":{\"@id\":\"https:\\\/\\\/cna.ca\\\/fr\\\/2020\\\/11\\\/22\\\/lanc-salue-le-projet-de-loi-sur-la-carboneutralite-une-avancee-importante-vers-la-reduction-des-emissions-au-canada\\\/#breadcrumb\"},\"inLanguage\":\"fr-FR\",\"potentialAction\":[{\"@type\":\"ReadAction\",\"target\":[\"https:\\\/\\\/cna.ca\\\/fr\\\/2020\\\/11\\\/22\\\/lanc-salue-le-projet-de-loi-sur-la-carboneutralite-une-avancee-importante-vers-la-reduction-des-emissions-au-canada\\\/\"]}]},{\"@type\":\"ImageObject\",\"inLanguage\":\"fr-FR\",\"@id\":\"https:\\\/\\\/cna.ca\\\/fr\\\/2020\\\/11\\\/22\\\/lanc-salue-le-projet-de-loi-sur-la-carboneutralite-une-avancee-importante-vers-la-reduction-des-emissions-au-canada\\\/#primaryimage\",\"url\":\"https:\\\/\\\/cna.ca\\\/wp-content\\\/uploads\\\/2020\\\/08\\\/cna-og.jpg\",\"contentUrl\":\"https:\\\/\\\/cna.ca\\\/wp-content\\\/uploads\\\/2020\\\/08\\\/cna-og.jpg\",\"width\":1200,\"height\":630},{\"@type\":\"BreadcrumbList\",\"@id\":\"https:\\\/\\\/cna.ca\\\/fr\\\/2020\\\/11\\\/22\\\/lanc-salue-le-projet-de-loi-sur-la-carboneutralite-une-avancee-importante-vers-la-reduction-des-emissions-au-canada\\\/#breadcrumb\",\"itemListElement\":[{\"@type\":\"ListItem\",\"position\":1,\"name\":\"Home\",\"item\":\"https:\\\/\\\/cna.ca\\\/fr\\\/\"},{\"@type\":\"ListItem\",\"position\":2,\"name\":\"L\u2019ANC salue le projet de loi sur la carboneutralit\u00e9, une avanc\u00e9e importante vers la r\u00e9duction des \u00e9missions au&nbsp;Canada\"}]},{\"@type\":\"WebSite\",\"@id\":\"https:\\\/\\\/cna.ca\\\/fr\\\/#website\",\"url\":\"https:\\\/\\\/cna.ca\\\/fr\\\/\",\"name\":\"Canadian Nuclear Association\",\"description\":\"The national voice of the Canadian nuclear industry since 1960\",\"publisher\":{\"@id\":\"https:\\\/\\\/cna.ca\\\/fr\\\/#organization\"},\"potentialAction\":[{\"@type\":\"SearchAction\",\"target\":{\"@type\":\"EntryPoint\",\"urlTemplate\":\"https:\\\/\\\/cna.ca\\\/fr\\\/?s={search_term_string}\"},\"query-input\":{\"@type\":\"PropertyValueSpecification\",\"valueRequired\":true,\"valueName\":\"search_term_string\"}}],\"inLanguage\":\"fr-FR\"},{\"@type\":\"Organization\",\"@id\":\"https:\\\/\\\/cna.ca\\\/fr\\\/#organization\",\"name\":\"Canadian Nuclear Association\",\"url\":\"https:\\\/\\\/cna.ca\\\/fr\\\/\",\"logo\":{\"@type\":\"ImageObject\",\"inLanguage\":\"fr-FR\",\"@id\":\"https:\\\/\\\/cna.ca\\\/fr\\\/#\\\/schema\\\/logo\\\/image\\\/\",\"url\":\"https:\\\/\\\/cna.ca\\\/wp-content\\\/uploads\\\/2023\\\/12\\\/cropped-cna-logo-only.png\",\"contentUrl\":\"https:\\\/\\\/cna.ca\\\/wp-content\\\/uploads\\\/2023\\\/12\\\/cropped-cna-logo-only.png\",\"width\":512,\"height\":512,\"caption\":\"Canadian Nuclear Association\"},\"image\":{\"@id\":\"https:\\\/\\\/cna.ca\\\/fr\\\/#\\\/schema\\\/logo\\\/image\\\/\"},\"sameAs\":[\"http:\\\/\\\/www.facebook.com\\\/canadanuclear\",\"https:\\\/\\\/x.com\\\/canadanuclear\",\"https:\\\/\\\/www.instagram.com\\\/canadanuclear\",\"https:\\\/\\\/www.youtube.com\\\/CanadaNuclear\",\"http:\\\/\\\/www.linkedin.com\\\/company\\\/canadian-nuclear-association\"]},{\"@type\":\"Person\",\"@id\":\"https:\\\/\\\/cna.ca\\\/fr\\\/#\\\/schema\\\/person\\\/d07251ff6804c19ad5bd07dec66c588d\",\"name\":\"Ashley Anstey\",\"url\":\"https:\\\/\\\/cna.ca\\\/fr\\\/author\\\/ashley\\\/\"}]}<\/script>\n<!-- \/ Yoast SEO plugin. -->","yoast_head_json":{"title":"L\u2019ANC salue le projet de loi sur la carboneutralit\u00e9, une avanc\u00e9e importante vers la r\u00e9duction des \u00e9missions au Canada - Association nucl\u00e9aire canadienne","robots":{"index":"index","follow":"follow","max-snippet":"max-snippet:-1","max-image-preview":"max-image-preview:large","max-video-preview":"max-video-preview:-1"},"canonical":"https:\/\/cna.ca\/fr\/2020\/11\/22\/lanc-salue-le-projet-de-loi-sur-la-carboneutralite-une-avancee-importante-vers-la-reduction-des-emissions-au-canada\/","og_locale":"fr_FR","og_type":"article","og_title":"L\u2019ANC salue le projet de loi sur la carboneutralit\u00e9, une avanc\u00e9e importante vers la r\u00e9duction des \u00e9missions au Canada - Association nucl\u00e9aire canadienne","og_description":"OTTAWA (19&nbsp;novembre&nbsp;2020) \u2013 L\u2019Association nucl\u00e9aire canadienne (ANC) accueille favorablement le d\u00e9p\u00f4t par le ministre de l\u2019Environnement, Jonathan Wilkinson, d\u2019un projet de loi f\u00e9d\u00e9ral fixant un objectif de z\u00e9ro \u00e9mission nette, ce qui t\u00e9moigne d\u2019un engagement renouvel\u00e9 en faveur de la r\u00e9duction des \u00e9missions et constitue une \u00e9tape importante dans la promotion de la production d\u2019\u00e9lectricit\u00e9 [&hellip;]","og_url":"https:\/\/cna.ca\/fr\/2020\/11\/22\/lanc-salue-le-projet-de-loi-sur-la-carboneutralite-une-avancee-importante-vers-la-reduction-des-emissions-au-canada\/","og_site_name":"Association nucl\u00e9aire canadienne","article_publisher":"http:\/\/www.facebook.com\/canadanuclear","article_published_time":"2020-11-23T02:00:46+00:00","article_modified_time":"2020-11-23T02:02:17+00:00","og_image":[{"width":1200,"height":630,"url":"https:\/\/cna.ca\/wp-content\/uploads\/2020\/08\/cna-og.jpg","type":"image\/jpeg"}],"author":"Ashley Anstey","twitter_misc":{"Written by":"Ashley Anstey","Est. reading time":"3 minutes"},"schema":{"@context":"https:\/\/schema.org","@graph":[{"@type":"Article","@id":"https:\/\/cna.ca\/fr\/2020\/11\/22\/lanc-salue-le-projet-de-loi-sur-la-carboneutralite-une-avancee-importante-vers-la-reduction-des-emissions-au-canada\/#article","isPartOf":{"@id":"https:\/\/cna.ca\/fr\/2020\/11\/22\/lanc-salue-le-projet-de-loi-sur-la-carboneutralite-une-avancee-importante-vers-la-reduction-des-emissions-au-canada\/"},"author":{"name":"Ashley Anstey","@id":"https:\/\/cna.ca\/fr\/#\/schema\/person\/d07251ff6804c19ad5bd07dec66c588d"},"headline":"L\u2019ANC salue le projet de loi sur la carboneutralit\u00e9, une avanc\u00e9e importante vers la r\u00e9duction des \u00e9missions au&nbsp;Canada","datePublished":"2020-11-23T02:00:46+00:00","dateModified":"2020-11-23T02:02:17+00:00","mainEntityOfPage":{"@id":"https:\/\/cna.ca\/fr\/2020\/11\/22\/lanc-salue-le-projet-de-loi-sur-la-carboneutralite-une-avancee-importante-vers-la-reduction-des-emissions-au-canada\/"},"wordCount":644,"publisher":{"@id":"https:\/\/cna.ca\/fr\/#organization"},"image":{"@id":"https:\/\/cna.ca\/fr\/2020\/11\/22\/lanc-salue-le-projet-de-loi-sur-la-carboneutralite-une-avancee-importante-vers-la-reduction-des-emissions-au-canada\/#primaryimage"},"thumbnailUrl":"https:\/\/cna.ca\/wp-content\/uploads\/2020\/08\/cna-og.jpg","articleSection":["News Releases"],"inLanguage":"fr-FR"},{"@type":"WebPage","@id":"https:\/\/cna.ca\/fr\/2020\/11\/22\/lanc-salue-le-projet-de-loi-sur-la-carboneutralite-une-avancee-importante-vers-la-reduction-des-emissions-au-canada\/","url":"https:\/\/cna.ca\/fr\/2020\/11\/22\/lanc-salue-le-projet-de-loi-sur-la-carboneutralite-une-avancee-importante-vers-la-reduction-des-emissions-au-canada\/","name":"L\u2019ANC salue le projet de loi sur la carboneutralit\u00e9, une avanc\u00e9e importante vers la r\u00e9duction des \u00e9missions au Canada - Association nucl\u00e9aire canadienne","isPartOf":{"@id":"https:\/\/cna.ca\/fr\/#website"},"primaryImageOfPage":{"@id":"https:\/\/cna.ca\/fr\/2020\/11\/22\/lanc-salue-le-projet-de-loi-sur-la-carboneutralite-une-avancee-importante-vers-la-reduction-des-emissions-au-canada\/#primaryimage"},"image":{"@id":"https:\/\/cna.ca\/fr\/2020\/11\/22\/lanc-salue-le-projet-de-loi-sur-la-carboneutralite-une-avancee-importante-vers-la-reduction-des-emissions-au-canada\/#primaryimage"},"thumbnailUrl":"https:\/\/cna.ca\/wp-content\/uploads\/2020\/08\/cna-og.jpg","datePublished":"2020-11-23T02:00:46+00:00","dateModified":"2020-11-23T02:02:17+00:00","breadcrumb":{"@id":"https:\/\/cna.ca\/fr\/2020\/11\/22\/lanc-salue-le-projet-de-loi-sur-la-carboneutralite-une-avancee-importante-vers-la-reduction-des-emissions-au-canada\/#breadcrumb"},"inLanguage":"fr-FR","potentialAction":[{"@type":"ReadAction","target":["https:\/\/cna.ca\/fr\/2020\/11\/22\/lanc-salue-le-projet-de-loi-sur-la-carboneutralite-une-avancee-importante-vers-la-reduction-des-emissions-au-canada\/"]}]},{"@type":"ImageObject","inLanguage":"fr-FR","@id":"https:\/\/cna.ca\/fr\/2020\/11\/22\/lanc-salue-le-projet-de-loi-sur-la-carboneutralite-une-avancee-importante-vers-la-reduction-des-emissions-au-canada\/#primaryimage","url":"https:\/\/cna.ca\/wp-content\/uploads\/2020\/08\/cna-og.jpg","contentUrl":"https:\/\/cna.ca\/wp-content\/uploads\/2020\/08\/cna-og.jpg","width":1200,"height":630},{"@type":"BreadcrumbList","@id":"https:\/\/cna.ca\/fr\/2020\/11\/22\/lanc-salue-le-projet-de-loi-sur-la-carboneutralite-une-avancee-importante-vers-la-reduction-des-emissions-au-canada\/#breadcrumb","itemListElement":[{"@type":"ListItem","position":1,"name":"Home","item":"https:\/\/cna.ca\/fr\/"},{"@type":"ListItem","position":2,"name":"L\u2019ANC salue le projet de loi sur la carboneutralit\u00e9, une avanc\u00e9e importante vers la r\u00e9duction des \u00e9missions au&nbsp;Canada"}]},{"@type":"WebSite","@id":"https:\/\/cna.ca\/fr\/#website","url":"https:\/\/cna.ca\/fr\/","name":"Canadian Nuclear Association","description":"The national voice of the Canadian nuclear industry since 1960","publisher":{"@id":"https:\/\/cna.ca\/fr\/#organization"},"potentialAction":[{"@type":"SearchAction","target":{"@type":"EntryPoint","urlTemplate":"https:\/\/cna.ca\/fr\/?s={search_term_string}"},"query-input":{"@type":"PropertyValueSpecification","valueRequired":true,"valueName":"search_term_string"}}],"inLanguage":"fr-FR"},{"@type":"Organization","@id":"https:\/\/cna.ca\/fr\/#organization","name":"Canadian Nuclear Association","url":"https:\/\/cna.ca\/fr\/","logo":{"@type":"ImageObject","inLanguage":"fr-FR","@id":"https:\/\/cna.ca\/fr\/#\/schema\/logo\/image\/","url":"https:\/\/cna.ca\/wp-content\/uploads\/2023\/12\/cropped-cna-logo-only.png","contentUrl":"https:\/\/cna.ca\/wp-content\/uploads\/2023\/12\/cropped-cna-logo-only.png","width":512,"height":512,"caption":"Canadian Nuclear Association"},"image":{"@id":"https:\/\/cna.ca\/fr\/#\/schema\/logo\/image\/"},"sameAs":["http:\/\/www.facebook.com\/canadanuclear","https:\/\/x.com\/canadanuclear","https:\/\/www.instagram.com\/canadanuclear","https:\/\/www.youtube.com\/CanadaNuclear","http:\/\/www.linkedin.com\/company\/canadian-nuclear-association"]},{"@type":"Person","@id":"https:\/\/cna.ca\/fr\/#\/schema\/person\/d07251ff6804c19ad5bd07dec66c588d","name":"Ashley Anstey","url":"https:\/\/cna.ca\/fr\/author\/ashley\/"}]}},"_links":{"self":[{"href":"https:\/\/cna.ca\/fr\/wp-json\/wp\/v2\/posts\/29748","targetHints":{"allow":["GET"]}}],"collection":[{"href":"https:\/\/cna.ca\/fr\/wp-json\/wp\/v2\/posts"}],"about":[{"href":"https:\/\/cna.ca\/fr\/wp-json\/wp\/v2\/types\/post"}],"author":[{"embeddable":true,"href":"https:\/\/cna.ca\/fr\/wp-json\/wp\/v2\/users\/8399"}],"replies":[{"embeddable":true,"href":"https:\/\/cna.ca\/fr\/wp-json\/wp\/v2\/comments?post=29748"}],"version-history":[{"count":1,"href":"https:\/\/cna.ca\/fr\/wp-json\/wp\/v2\/posts\/29748\/revisions"}],"predecessor-version":[{"id":29749,"href":"https:\/\/cna.ca\/fr\/wp-json\/wp\/v2\/posts\/29748\/revisions\/29749"}],"wp:featuredmedia":[{"embeddable":true,"href":"https:\/\/cna.ca\/fr\/wp-json\/wp\/v2\/media\/28229"}],"wp:attachment":[{"href":"https:\/\/cna.ca\/fr\/wp-json\/wp\/v2\/media?parent=29748"}],"wp:term":[{"taxonomy":"category","embeddable":true,"href":"https:\/\/cna.ca\/fr\/wp-json\/wp\/v2\/categories?post=29748"},{"taxonomy":"post_tag","embeddable":true,"href":"https:\/\/cna.ca\/fr\/wp-json\/wp\/v2\/tags?post=29748"},{"taxonomy":"topic","embeddable":true,"href":"https:\/\/cna.ca\/fr\/wp-json\/wp\/v2\/topic?post=29748"}],"curies":[{"name":"wp","href":"https:\/\/api.w.org\/{rel}","templated":true}]}}