{"id":27729,"date":"2012-05-16T00:00:00","date_gmt":"2012-05-16T04:00:00","guid":{"rendered":"http:\/\/ashleydev.com\/2012\/05\/16\/arevas-jean-francois-beland-receives-award-for-excellence\/"},"modified":"2020-08-27T11:43:10","modified_gmt":"2020-08-27T15:43:10","slug":"arevas-jean-francois-beland-receives-award-for-excellence","status":"publish","type":"post","link":"https:\/\/cna.ca\/fr\/2012\/05\/16\/arevas-jean-francois-beland-receives-award-for-excellence\/","title":{"rendered":"AREVA\u2019s Jean-Fran\u00e7ois B\u00e9land Receives Award for&nbsp;Excellence"},"content":{"rendered":"<div id=\"attachment_1535\" style=\"width: 216px\" class=\"wp-caption alignright\"><a href=\"http:\/\/talknuclear.ca\/wp-content\/uploads\/2012\/03\/JF_BELAND.jpg\"><img loading=\"lazy\" decoding=\"async\" aria-describedby=\"caption-attachment-1535\" class=\"size-medium wp-image-1535 \" title=\"JF_BELAND\" src=\"http:\/\/talknuclear.ca\/wp-content\/uploads\/2012\/03\/JF_BELAND-257x300.jpg\" alt=\"\" width=\"206\" height=\"240\" \/><\/a><p id=\"caption-attachment-1535\" class=\"wp-caption-text\">Jean-Fran\u00e7ois B\u00e9land, executive vice president of AREVA Canada<\/p><\/div>\n<p>Jean-Fran\u00e7ois B\u00e9land, executive vice president of AREVA Canada Inc., received on May 11 an award for excellence from HEC (<a title=\"HEC\" href=\"http:\/\/www.hec.ca\/en\/\" target=\"_blank\" rel=\"noopener noreferrer\">Hautes Etudes Commerciales<\/a>) Montr\u00e9al, one of Canada\u2019s leading business schools. This award is presented annually to younger alumni of HEC Montr\u00e9al for significant achievement in business.<\/p>\n<p>B\u00e9land noted the role that the AREVA team has played in his accomplishments.<\/p>\n<blockquote><p>\u201cIn particular, I want to thank my colleagues at AREVA Canada who are to me like a family. This especially so because we travel so often to visit customers and our industrial sites.\u201d<\/p><\/blockquote>\n<p>B\u00e9land is based in AREVA Canada\u2019s Pickering, Ont., office and makes his home in Gatineau, Que.<\/p>\n<p><strong>F\u00e9licitations Mr. B\u00e9land!<\/strong><\/p>\n","protected":false},"excerpt":{"rendered":"<p>Jean-Fran\u00e7ois B\u00e9land, executive vice president of AREVA Canada Inc., received on May 11 an award for excellence from HEC (Hautes Etudes Commerciales) Montr\u00e9al, one of Canada\u2019s leading business schools. This award is presented annually to younger alumni of HEC Montr\u00e9al for significant achievement in business. B\u00e9land noted the role that the AREVA team has played [&hellip;]<\/p>\n","protected":false},"author":1,"featured_media":0,"comment_status":"closed","ping_status":"open","sticky":false,"template":"","format":"standard","meta":{"_acf_changed":false,"footnotes":""},"categories":[537],"tags":[],"topic":[],"class_list":["post-27729","post","type-post","status-publish","format-standard","hentry","category-talknuclear"],"acf":[],"yoast_head":"<!-- This site is optimized with the Yoast SEO plugin v27.4 - https:\/\/yoast.com\/product\/yoast-seo-wordpress\/ -->\n<title>AREVA\u2019s Jean-Fran\u00e7ois B\u00e9land Receives Award for Excellence - Association nucl\u00e9aire canadienne<\/title>\n<meta name=\"robots\" content=\"index, follow, max-snippet:-1, max-image-preview:large, max-video-preview:-1\" \/>\n<link rel=\"canonical\" href=\"https:\/\/cna.ca\/fr\/2012\/05\/16\/arevas-jean-francois-beland-receives-award-for-excellence\/\" \/>\n<meta property=\"og:locale\" content=\"fr_FR\" \/>\n<meta property=\"og:type\" content=\"article\" \/>\n<meta property=\"og:title\" content=\"AREVA\u2019s Jean-Fran\u00e7ois B\u00e9land Receives Award for Excellence - Association nucl\u00e9aire canadienne\" \/>\n<meta property=\"og:description\" content=\"Jean-Fran\u00e7ois B\u00e9land, executive vice president of AREVA Canada Inc., received on May 11 an award for excellence from HEC (Hautes Etudes Commerciales) Montr\u00e9al, one of Canada\u2019s leading business schools. This award is presented annually to younger alumni of HEC Montr\u00e9al for significant achievement in business. B\u00e9land noted the role that the AREVA team has played [&hellip;]\" \/>\n<meta property=\"og:url\" content=\"https:\/\/cna.ca\/fr\/2012\/05\/16\/arevas-jean-francois-beland-receives-award-for-excellence\/\" \/>\n<meta property=\"og:site_name\" content=\"Association nucl\u00e9aire canadienne\" \/>\n<meta property=\"article:publisher\" content=\"http:\/\/www.facebook.com\/canadanuclear\" \/>\n<meta property=\"article:published_time\" content=\"2012-05-16T04:00:00+00:00\" \/>\n<meta property=\"article:modified_time\" content=\"2020-08-27T15:43:10+00:00\" \/>\n<meta property=\"og:image\" content=\"http:\/\/talknuclear.ca\/wp-content\/uploads\/2012\/03\/JF_BELAND-257x300.jpg\" \/>\n<meta name=\"author\" content=\"cna_admin\" \/>\n<meta name=\"twitter:label1\" content=\"Written by\" \/>\n\t<meta name=\"twitter:data1\" content=\"cna_admin\" \/>\n\t<meta name=\"twitter:label2\" content=\"Est. reading time\" \/>\n\t<meta name=\"twitter:data2\" content=\"1 minute\" \/>\n<script type=\"application\/ld+json\" class=\"yoast-schema-graph\">{\"@context\":\"https:\\\/\\\/schema.org\",\"@graph\":[{\"@type\":\"Article\",\"@id\":\"https:\\\/\\\/cna.ca\\\/fr\\\/2012\\\/05\\\/16\\\/arevas-jean-francois-beland-receives-award-for-excellence\\\/#article\",\"isPartOf\":{\"@id\":\"https:\\\/\\\/cna.ca\\\/fr\\\/2012\\\/05\\\/16\\\/arevas-jean-francois-beland-receives-award-for-excellence\\\/\"},\"author\":{\"name\":\"cna_admin\",\"@id\":\"https:\\\/\\\/cna.ca\\\/fr\\\/#\\\/schema\\\/person\\\/b0c8179b9b04ade90057bc7a30b2fbd2\"},\"headline\":\"AREVA\u2019s Jean-Fran\u00e7ois B\u00e9land Receives Award for&nbsp;Excellence\",\"datePublished\":\"2012-05-16T04:00:00+00:00\",\"dateModified\":\"2020-08-27T15:43:10+00:00\",\"mainEntityOfPage\":{\"@id\":\"https:\\\/\\\/cna.ca\\\/fr\\\/2012\\\/05\\\/16\\\/arevas-jean-francois-beland-receives-award-for-excellence\\\/\"},\"wordCount\":147,\"publisher\":{\"@id\":\"https:\\\/\\\/cna.ca\\\/fr\\\/#organization\"},\"image\":{\"@id\":\"https:\\\/\\\/cna.ca\\\/fr\\\/2012\\\/05\\\/16\\\/arevas-jean-francois-beland-receives-award-for-excellence\\\/#primaryimage\"},\"thumbnailUrl\":\"http:\\\/\\\/talknuclear.ca\\\/wp-content\\\/uploads\\\/2012\\\/03\\\/JF_BELAND-257x300.jpg\",\"articleSection\":[\"Talk Nuclear\"],\"inLanguage\":\"fr-FR\"},{\"@type\":\"WebPage\",\"@id\":\"https:\\\/\\\/cna.ca\\\/fr\\\/2012\\\/05\\\/16\\\/arevas-jean-francois-beland-receives-award-for-excellence\\\/\",\"url\":\"https:\\\/\\\/cna.ca\\\/fr\\\/2012\\\/05\\\/16\\\/arevas-jean-francois-beland-receives-award-for-excellence\\\/\",\"name\":\"AREVA\u2019s Jean-Fran\u00e7ois B\u00e9land Receives Award for Excellence - Association nucl\u00e9aire canadienne\",\"isPartOf\":{\"@id\":\"https:\\\/\\\/cna.ca\\\/fr\\\/#website\"},\"primaryImageOfPage\":{\"@id\":\"https:\\\/\\\/cna.ca\\\/fr\\\/2012\\\/05\\\/16\\\/arevas-jean-francois-beland-receives-award-for-excellence\\\/#primaryimage\"},\"image\":{\"@id\":\"https:\\\/\\\/cna.ca\\\/fr\\\/2012\\\/05\\\/16\\\/arevas-jean-francois-beland-receives-award-for-excellence\\\/#primaryimage\"},\"thumbnailUrl\":\"http:\\\/\\\/talknuclear.ca\\\/wp-content\\\/uploads\\\/2012\\\/03\\\/JF_BELAND-257x300.jpg\",\"datePublished\":\"2012-05-16T04:00:00+00:00\",\"dateModified\":\"2020-08-27T15:43:10+00:00\",\"breadcrumb\":{\"@id\":\"https:\\\/\\\/cna.ca\\\/fr\\\/2012\\\/05\\\/16\\\/arevas-jean-francois-beland-receives-award-for-excellence\\\/#breadcrumb\"},\"inLanguage\":\"fr-FR\",\"potentialAction\":[{\"@type\":\"ReadAction\",\"target\":[\"https:\\\/\\\/cna.ca\\\/fr\\\/2012\\\/05\\\/16\\\/arevas-jean-francois-beland-receives-award-for-excellence\\\/\"]}]},{\"@type\":\"ImageObject\",\"inLanguage\":\"fr-FR\",\"@id\":\"https:\\\/\\\/cna.ca\\\/fr\\\/2012\\\/05\\\/16\\\/arevas-jean-francois-beland-receives-award-for-excellence\\\/#primaryimage\",\"url\":\"http:\\\/\\\/talknuclear.ca\\\/wp-content\\\/uploads\\\/2012\\\/03\\\/JF_BELAND-257x300.jpg\",\"contentUrl\":\"http:\\\/\\\/talknuclear.ca\\\/wp-content\\\/uploads\\\/2012\\\/03\\\/JF_BELAND-257x300.jpg\"},{\"@type\":\"BreadcrumbList\",\"@id\":\"https:\\\/\\\/cna.ca\\\/fr\\\/2012\\\/05\\\/16\\\/arevas-jean-francois-beland-receives-award-for-excellence\\\/#breadcrumb\",\"itemListElement\":[{\"@type\":\"ListItem\",\"position\":1,\"name\":\"Home\",\"item\":\"https:\\\/\\\/cna.ca\\\/fr\\\/\"},{\"@type\":\"ListItem\",\"position\":2,\"name\":\"AREVA\u2019s Jean-Fran\u00e7ois B\u00e9land Receives Award for&nbsp;Excellence\"}]},{\"@type\":\"WebSite\",\"@id\":\"https:\\\/\\\/cna.ca\\\/fr\\\/#website\",\"url\":\"https:\\\/\\\/cna.ca\\\/fr\\\/\",\"name\":\"Canadian Nuclear Association\",\"description\":\"The national voice of the Canadian nuclear industry since 1960\",\"publisher\":{\"@id\":\"https:\\\/\\\/cna.ca\\\/fr\\\/#organization\"},\"potentialAction\":[{\"@type\":\"SearchAction\",\"target\":{\"@type\":\"EntryPoint\",\"urlTemplate\":\"https:\\\/\\\/cna.ca\\\/fr\\\/?s={search_term_string}\"},\"query-input\":{\"@type\":\"PropertyValueSpecification\",\"valueRequired\":true,\"valueName\":\"search_term_string\"}}],\"inLanguage\":\"fr-FR\"},{\"@type\":\"Organization\",\"@id\":\"https:\\\/\\\/cna.ca\\\/fr\\\/#organization\",\"name\":\"Canadian Nuclear Association\",\"url\":\"https:\\\/\\\/cna.ca\\\/fr\\\/\",\"logo\":{\"@type\":\"ImageObject\",\"inLanguage\":\"fr-FR\",\"@id\":\"https:\\\/\\\/cna.ca\\\/fr\\\/#\\\/schema\\\/logo\\\/image\\\/\",\"url\":\"https:\\\/\\\/cna.ca\\\/wp-content\\\/uploads\\\/2023\\\/12\\\/cropped-cna-logo-only.png\",\"contentUrl\":\"https:\\\/\\\/cna.ca\\\/wp-content\\\/uploads\\\/2023\\\/12\\\/cropped-cna-logo-only.png\",\"width\":512,\"height\":512,\"caption\":\"Canadian Nuclear Association\"},\"image\":{\"@id\":\"https:\\\/\\\/cna.ca\\\/fr\\\/#\\\/schema\\\/logo\\\/image\\\/\"},\"sameAs\":[\"http:\\\/\\\/www.facebook.com\\\/canadanuclear\",\"https:\\\/\\\/x.com\\\/canadanuclear\",\"https:\\\/\\\/www.instagram.com\\\/canadanuclear\",\"https:\\\/\\\/www.youtube.com\\\/CanadaNuclear\",\"http:\\\/\\\/www.linkedin.com\\\/company\\\/canadian-nuclear-association\"]},{\"@type\":\"Person\",\"@id\":\"https:\\\/\\\/cna.ca\\\/fr\\\/#\\\/schema\\\/person\\\/b0c8179b9b04ade90057bc7a30b2fbd2\",\"name\":\"cna_admin\",\"url\":\"https:\\\/\\\/cna.ca\\\/fr\\\/author\\\/cna_admin\\\/\"}]}<\/script>\n<!-- \/ Yoast SEO plugin. -->","yoast_head_json":{"title":"AREVA\u2019s Jean-Fran\u00e7ois B\u00e9land Receives Award for Excellence - Association nucl\u00e9aire canadienne","robots":{"index":"index","follow":"follow","max-snippet":"max-snippet:-1","max-image-preview":"max-image-preview:large","max-video-preview":"max-video-preview:-1"},"canonical":"https:\/\/cna.ca\/fr\/2012\/05\/16\/arevas-jean-francois-beland-receives-award-for-excellence\/","og_locale":"fr_FR","og_type":"article","og_title":"AREVA\u2019s Jean-Fran\u00e7ois B\u00e9land Receives Award for Excellence - Association nucl\u00e9aire canadienne","og_description":"Jean-Fran\u00e7ois B\u00e9land, executive vice president of AREVA Canada Inc., received on May 11 an award for excellence from HEC (Hautes Etudes Commerciales) Montr\u00e9al, one of Canada\u2019s leading business schools. This award is presented annually to younger alumni of HEC Montr\u00e9al for significant achievement in business. B\u00e9land noted the role that the AREVA team has played [&hellip;]","og_url":"https:\/\/cna.ca\/fr\/2012\/05\/16\/arevas-jean-francois-beland-receives-award-for-excellence\/","og_site_name":"Association nucl\u00e9aire canadienne","article_publisher":"http:\/\/www.facebook.com\/canadanuclear","article_published_time":"2012-05-16T04:00:00+00:00","article_modified_time":"2020-08-27T15:43:10+00:00","og_image":[{"url":"http:\/\/talknuclear.ca\/wp-content\/uploads\/2012\/03\/JF_BELAND-257x300.jpg","type":"","width":"","height":""}],"author":"cna_admin","twitter_misc":{"Written by":"cna_admin","Est. reading time":"1 minute"},"schema":{"@context":"https:\/\/schema.org","@graph":[{"@type":"Article","@id":"https:\/\/cna.ca\/fr\/2012\/05\/16\/arevas-jean-francois-beland-receives-award-for-excellence\/#article","isPartOf":{"@id":"https:\/\/cna.ca\/fr\/2012\/05\/16\/arevas-jean-francois-beland-receives-award-for-excellence\/"},"author":{"name":"cna_admin","@id":"https:\/\/cna.ca\/fr\/#\/schema\/person\/b0c8179b9b04ade90057bc7a30b2fbd2"},"headline":"AREVA\u2019s Jean-Fran\u00e7ois B\u00e9land Receives Award for&nbsp;Excellence","datePublished":"2012-05-16T04:00:00+00:00","dateModified":"2020-08-27T15:43:10+00:00","mainEntityOfPage":{"@id":"https:\/\/cna.ca\/fr\/2012\/05\/16\/arevas-jean-francois-beland-receives-award-for-excellence\/"},"wordCount":147,"publisher":{"@id":"https:\/\/cna.ca\/fr\/#organization"},"image":{"@id":"https:\/\/cna.ca\/fr\/2012\/05\/16\/arevas-jean-francois-beland-receives-award-for-excellence\/#primaryimage"},"thumbnailUrl":"http:\/\/talknuclear.ca\/wp-content\/uploads\/2012\/03\/JF_BELAND-257x300.jpg","articleSection":["Talk Nuclear"],"inLanguage":"fr-FR"},{"@type":"WebPage","@id":"https:\/\/cna.ca\/fr\/2012\/05\/16\/arevas-jean-francois-beland-receives-award-for-excellence\/","url":"https:\/\/cna.ca\/fr\/2012\/05\/16\/arevas-jean-francois-beland-receives-award-for-excellence\/","name":"AREVA\u2019s Jean-Fran\u00e7ois B\u00e9land Receives Award for Excellence - Association nucl\u00e9aire canadienne","isPartOf":{"@id":"https:\/\/cna.ca\/fr\/#website"},"primaryImageOfPage":{"@id":"https:\/\/cna.ca\/fr\/2012\/05\/16\/arevas-jean-francois-beland-receives-award-for-excellence\/#primaryimage"},"image":{"@id":"https:\/\/cna.ca\/fr\/2012\/05\/16\/arevas-jean-francois-beland-receives-award-for-excellence\/#primaryimage"},"thumbnailUrl":"http:\/\/talknuclear.ca\/wp-content\/uploads\/2012\/03\/JF_BELAND-257x300.jpg","datePublished":"2012-05-16T04:00:00+00:00","dateModified":"2020-08-27T15:43:10+00:00","breadcrumb":{"@id":"https:\/\/cna.ca\/fr\/2012\/05\/16\/arevas-jean-francois-beland-receives-award-for-excellence\/#breadcrumb"},"inLanguage":"fr-FR","potentialAction":[{"@type":"ReadAction","target":["https:\/\/cna.ca\/fr\/2012\/05\/16\/arevas-jean-francois-beland-receives-award-for-excellence\/"]}]},{"@type":"ImageObject","inLanguage":"fr-FR","@id":"https:\/\/cna.ca\/fr\/2012\/05\/16\/arevas-jean-francois-beland-receives-award-for-excellence\/#primaryimage","url":"http:\/\/talknuclear.ca\/wp-content\/uploads\/2012\/03\/JF_BELAND-257x300.jpg","contentUrl":"http:\/\/talknuclear.ca\/wp-content\/uploads\/2012\/03\/JF_BELAND-257x300.jpg"},{"@type":"BreadcrumbList","@id":"https:\/\/cna.ca\/fr\/2012\/05\/16\/arevas-jean-francois-beland-receives-award-for-excellence\/#breadcrumb","itemListElement":[{"@type":"ListItem","position":1,"name":"Home","item":"https:\/\/cna.ca\/fr\/"},{"@type":"ListItem","position":2,"name":"AREVA\u2019s Jean-Fran\u00e7ois B\u00e9land Receives Award for&nbsp;Excellence"}]},{"@type":"WebSite","@id":"https:\/\/cna.ca\/fr\/#website","url":"https:\/\/cna.ca\/fr\/","name":"Canadian Nuclear Association","description":"The national voice of the Canadian nuclear industry since 1960","publisher":{"@id":"https:\/\/cna.ca\/fr\/#organization"},"potentialAction":[{"@type":"SearchAction","target":{"@type":"EntryPoint","urlTemplate":"https:\/\/cna.ca\/fr\/?s={search_term_string}"},"query-input":{"@type":"PropertyValueSpecification","valueRequired":true,"valueName":"search_term_string"}}],"inLanguage":"fr-FR"},{"@type":"Organization","@id":"https:\/\/cna.ca\/fr\/#organization","name":"Canadian Nuclear Association","url":"https:\/\/cna.ca\/fr\/","logo":{"@type":"ImageObject","inLanguage":"fr-FR","@id":"https:\/\/cna.ca\/fr\/#\/schema\/logo\/image\/","url":"https:\/\/cna.ca\/wp-content\/uploads\/2023\/12\/cropped-cna-logo-only.png","contentUrl":"https:\/\/cna.ca\/wp-content\/uploads\/2023\/12\/cropped-cna-logo-only.png","width":512,"height":512,"caption":"Canadian Nuclear Association"},"image":{"@id":"https:\/\/cna.ca\/fr\/#\/schema\/logo\/image\/"},"sameAs":["http:\/\/www.facebook.com\/canadanuclear","https:\/\/x.com\/canadanuclear","https:\/\/www.instagram.com\/canadanuclear","https:\/\/www.youtube.com\/CanadaNuclear","http:\/\/www.linkedin.com\/company\/canadian-nuclear-association"]},{"@type":"Person","@id":"https:\/\/cna.ca\/fr\/#\/schema\/person\/b0c8179b9b04ade90057bc7a30b2fbd2","name":"cna_admin","url":"https:\/\/cna.ca\/fr\/author\/cna_admin\/"}]}},"_links":{"self":[{"href":"https:\/\/cna.ca\/fr\/wp-json\/wp\/v2\/posts\/27729","targetHints":{"allow":["GET"]}}],"collection":[{"href":"https:\/\/cna.ca\/fr\/wp-json\/wp\/v2\/posts"}],"about":[{"href":"https:\/\/cna.ca\/fr\/wp-json\/wp\/v2\/types\/post"}],"author":[{"embeddable":true,"href":"https:\/\/cna.ca\/fr\/wp-json\/wp\/v2\/users\/1"}],"replies":[{"embeddable":true,"href":"https:\/\/cna.ca\/fr\/wp-json\/wp\/v2\/comments?post=27729"}],"version-history":[{"count":1,"href":"https:\/\/cna.ca\/fr\/wp-json\/wp\/v2\/posts\/27729\/revisions"}],"predecessor-version":[{"id":28845,"href":"https:\/\/cna.ca\/fr\/wp-json\/wp\/v2\/posts\/27729\/revisions\/28845"}],"wp:attachment":[{"href":"https:\/\/cna.ca\/fr\/wp-json\/wp\/v2\/media?parent=27729"}],"wp:term":[{"taxonomy":"category","embeddable":true,"href":"https:\/\/cna.ca\/fr\/wp-json\/wp\/v2\/categories?post=27729"},{"taxonomy":"post_tag","embeddable":true,"href":"https:\/\/cna.ca\/fr\/wp-json\/wp\/v2\/tags?post=27729"},{"taxonomy":"topic","embeddable":true,"href":"https:\/\/cna.ca\/fr\/wp-json\/wp\/v2\/topic?post=27729"}],"curies":[{"name":"wp","href":"https:\/\/api.w.org\/{rel}","templated":true}]}}