{"id":17086,"date":"2017-09-25T14:22:32","date_gmt":"2017-09-25T18:22:32","guid":{"rendered":"https:\/\/cna.ca\/?post_type=news&#038;p=17086"},"modified":"2020-03-10T13:55:01","modified_gmt":"2020-03-10T17:55:01","slug":"le-president-de-lanc-prononcera-un-discours-dans-le-cadre-du-sommet-sur-les-entreprises-durables-de-bloomberg-toronto","status":"publish","type":"post","link":"https:\/\/cna.ca\/fr\/2017\/09\/25\/le-president-de-lanc-prononcera-un-discours-dans-le-cadre-du-sommet-sur-les-entreprises-durables-de-bloomberg-toronto\/","title":{"rendered":"LE PR\u00c9SIDENT DE L&#8217;ANC PRONONCERA UN DISCOURS DANS LE CADRE DU SOMMET SUR  LES ENTREPRISES DURABLES DE BLOOMBERG \u00c0&nbsp;TORONTO"},"content":{"rendered":"<div class=\"row\">\n<div class=\"col-sm-10 col-sm-offset-1\">\n<p><strong><span class=\"xn-location\">OTTAWA (<\/span>le 25\u00a0sept. 2017)<\/strong>\u00a0\u2013 Bloomberg tiendra un sommet sur les entreprises durables \u00e0\u00a0<span class=\"xn-location\">Toronto<\/span>\u00a0cette semaine afin de discuter de la transformation du\u00a0<span class=\"xn-location\">Canada<\/span>\u00a0en mati\u00e8re d&#8217;\u00e9nergie renouvelable. La conf\u00e9rence d&#8217;une journ\u00e9e se penchera sur les d\u00e9fis auxquels fait face notre secteur \u00e9nerg\u00e9tique, sur la mani\u00e8re dont ils sont relev\u00e9s et sur la fa\u00e7on dont l&#8217;industrie peut collaborer avec le gouvernement pour atteindre des objectifs mutuellement avantageux.<\/p>\n<\/div>\n<\/div>\n<div class=\"row\">\n<div class=\"col-sm-10 col-sm-offset-1\">\n<p>Le pr\u00e9sident de l<a href=\"https:\/\/cna.ca\/fr\/\">&#8216;Association nucl\u00e9aire canadienne (ANC)<\/a>, Dr.\u00a0John\u00a0Barrett, est l&#8217;un des chefs de file dans le secteur \u00e9nerg\u00e9tique invit\u00e9 \u00e0 prononcer un discours \u00e0 cet \u00e9v\u00e9nement. M.\u00a0Barrett parlera des besoins actuels du\u00a0<span class=\"xn-location\">Canada<\/span>\u00a0en mati\u00e8re d&#8217;infrastructures et des investissements requis pour les satisfaire tout en assurant le d\u00e9veloppement d&#8217;infrastructures durables pour l&#8217;avenir.<\/p>\n<p>\u00ab\u00a0Je suis honor\u00e9 de participer au sommet de Bloomberg et de discuter de l&#8217;importance d&#8217;investir dans des infrastructures durables d\u00e8s maintenant pour assurer des lendemains prosp\u00e8res et propres\u00a0\u00bb, a d\u00e9clar\u00e9 John\u00a0Barrett, pr\u00e9sident de l&#8217;ANC.<\/p>\n<p>\u00ab\u00a0L&#8217;\u00e9nergie nucl\u00e9aire est un \u00e9l\u00e9ment cl\u00e9 pour un avenir \u00e9nerg\u00e9tique propre, durable et \u00e0 long terme tant en\u00a0<span class=\"xn-location\">Ontario<\/span>qu&#8217;au Nouveau-Brunswick, a-t-il ajout\u00e9. En\u00a0Ontario, trois centrales nucl\u00e9aires alimentent en \u00e9lectricit\u00e9 plus de 60\u00a0% de la province, tandis qu&#8217;au Nouveau-Brunswick, l&#8217;\u00e9nergie nucl\u00e9aire compte pour un tiers du r\u00e9seau \u00e9nerg\u00e9tique. Nous contribuons au soutien d&#8217;options renouvelables intermittentes et aidons \u00e0 r\u00e9aliser les Objectifs de d\u00e9veloppement durable des Nations\u00a0Unies\u00a0(ODD) afin de fournir \u00e0 tous une \u00e9nergie propre et abordable. Le temps est venu de commencer \u00e0 penser \u00e0 s&#8217;inspirer de ces contributions en mati\u00e8re d&#8217;infrastructure \u00e9nerg\u00e9tique avec de nouveaux r\u00e9acteurs pour r\u00e9pondre aux besoins en \u00e9lectrification propre des centres urbains, ruraux et \u00e9loign\u00e9s au\u00a0<span class=\"xn-location\">Canada<\/span>\u00a0de m\u00eame qu&#8217;aux besoins des industries.\u00a0\u00bb<\/p>\n<p>En fait, gr\u00e2ce \u00e0 la science et \u00e0 la technologie nucl\u00e9aire, la vision du\u00a0<span class=\"xn-location\">Canada<\/span>\u00a0pour un avenir durable est plus proche d&#8217;\u00eatre concr\u00e9tis\u00e9e. L&#8217;industrie nucl\u00e9aire au\u00a0<span class=\"xn-location\">Canada<\/span>\u00a0r\u00e9pond \u00e0\u00a0neuf des 17\u00a0ODD des Nations Unies, apportant d&#8217;importantes contributions dans les secteurs du climat, de la sant\u00e9 et de la s\u00e9curit\u00e9 de l&#8217;eau.<\/p>\n<p><a href=\"https:\/\/www.bna.com\/Sustainable-Business-Summit\/\">Le sommet sur les entreprises durables de Bloomberg<\/a> \u00e0\u00a0<span class=\"xn-location\">Toronto<\/span>\u00a0se tiendra le mercredi\u00a027\u00a0septembre\u00a02017 de 13\u00a0h \u00e0 18\u00a0h.<\/p>\n<p><b>\u00c0 propos de l&#8217;ANC\u00a0:<br \/>\n<\/b><\/p>\n<p>Depuis\u00a01960, l&#8217;Association nucl\u00e9aire canadienne (ANC) repr\u00e9sente la voix nationale de l&#8217;industrie nucl\u00e9aire au\u00a0<span class=\"xn-location\">Canada<\/span>. En collaboration avec nos membres et tous les groupes d&#8217;int\u00e9r\u00eat, l&#8217;ANC promeut l&#8217;industrie \u00e0 l&#8217;\u00e9chelle nationale et internationale, travaille avec les gouvernements sur les politiques touchant le secteur et \u0153uvre \u00e0 augmenter la sensibilisation et la compr\u00e9hension quant \u00e0 la valeur apport\u00e9e par la technologie nucl\u00e9aire \u00e0 l&#8217;environnement, \u00e0 l&#8217;\u00e9conomie et aux activit\u00e9s quotidiennes des Canadiens.<br \/>\nNos membres s&#8217;impliquent activement et sont chefs de file dans la production d&#8217;uranium et d&#8217;\u00e9lectricit\u00e9 nucl\u00e9aire du\u00a0<span class=\"xn-location\">Canada<\/span>; ils assument des r\u00f4les de premier plan dans la recherche, la conception, la construction, l&#8217;exploitation et l&#8217;appui des installations et des technologies nucl\u00e9aires.<br \/>\n<a href=\"https:\/\/cna.ca\/fr\/\" target=\"_blank\" rel=\"nofollow noopener noreferrer\">www.cna.ca\/fr<\/a><\/p>\n<div class=\"col-sm-10 col-sm-offset-1\">\n<p style=\"text-align: center;\">-30-<\/p>\n<p><strong>Renseignements :<\/strong><\/p>\n<p>Paul Hebert<br \/>\nDirecteur, Communications<br \/>\n(613) 237-4262<br \/>\nhebertp@cna.ca<\/p>\n<\/div>\n<\/div>\n<\/div>\n","protected":false},"excerpt":{"rendered":"<p>OTTAWA (le 25\u00a0sept. 2017)\u00a0\u2013 Bloomberg tiendra un sommet sur les entreprises durables \u00e0\u00a0Toronto\u00a0cette semaine afin de discuter de la transformation du\u00a0Canada\u00a0en mati\u00e8re d&#8217;\u00e9nergie renouvelable. La conf\u00e9rence d&#8217;une journ\u00e9e se penchera sur les d\u00e9fis auxquels fait face notre secteur \u00e9nerg\u00e9tique, sur la mani\u00e8re dont ils sont relev\u00e9s et sur la fa\u00e7on dont l&#8217;industrie peut collaborer avec [&hellip;]<\/p>\n","protected":false},"author":1,"featured_media":0,"comment_status":"closed","ping_status":"closed","sticky":false,"template":"","format":"standard","meta":{"_acf_changed":false,"footnotes":""},"categories":[12,491,2],"tags":[],"topic":[],"class_list":["post-17086","post","type-post","status-publish","format-standard","hentry","category-communiques","category-news-releases-fr","category-non-classifiee"],"acf":[],"yoast_head":"<!-- This site is optimized with the Yoast SEO plugin v27.4 - https:\/\/yoast.com\/product\/yoast-seo-wordpress\/ -->\n<title>LE PR\u00c9SIDENT DE L&#039;ANC PRONONCERA UN DISCOURS DANS LE CADRE DU SOMMET SUR LES ENTREPRISES DURABLES DE BLOOMBERG \u00c0 TORONTO - Association nucl\u00e9aire canadienne<\/title>\n<meta name=\"robots\" content=\"index, follow, max-snippet:-1, max-image-preview:large, max-video-preview:-1\" \/>\n<link rel=\"canonical\" href=\"https:\/\/cna.ca\/fr\/2017\/09\/25\/le-president-de-lanc-prononcera-un-discours-dans-le-cadre-du-sommet-sur-les-entreprises-durables-de-bloomberg-toronto\/\" \/>\n<meta property=\"og:locale\" content=\"fr_FR\" \/>\n<meta property=\"og:type\" content=\"article\" \/>\n<meta property=\"og:title\" content=\"LE PR\u00c9SIDENT DE L&#039;ANC PRONONCERA UN DISCOURS DANS LE CADRE DU SOMMET SUR LES ENTREPRISES DURABLES DE BLOOMBERG \u00c0 TORONTO - Association nucl\u00e9aire canadienne\" \/>\n<meta property=\"og:description\" content=\"OTTAWA (le 25\u00a0sept. 2017)\u00a0\u2013 Bloomberg tiendra un sommet sur les entreprises durables \u00e0\u00a0Toronto\u00a0cette semaine afin de discuter de la transformation du\u00a0Canada\u00a0en mati\u00e8re d&#8217;\u00e9nergie renouvelable. La conf\u00e9rence d&#8217;une journ\u00e9e se penchera sur les d\u00e9fis auxquels fait face notre secteur \u00e9nerg\u00e9tique, sur la mani\u00e8re dont ils sont relev\u00e9s et sur la fa\u00e7on dont l&#8217;industrie peut collaborer avec [&hellip;]\" \/>\n<meta property=\"og:url\" content=\"https:\/\/cna.ca\/fr\/2017\/09\/25\/le-president-de-lanc-prononcera-un-discours-dans-le-cadre-du-sommet-sur-les-entreprises-durables-de-bloomberg-toronto\/\" \/>\n<meta property=\"og:site_name\" content=\"Association nucl\u00e9aire canadienne\" \/>\n<meta property=\"article:publisher\" content=\"http:\/\/www.facebook.com\/canadanuclear\" \/>\n<meta property=\"article:published_time\" content=\"2017-09-25T18:22:32+00:00\" \/>\n<meta property=\"article:modified_time\" content=\"2020-03-10T17:55:01+00:00\" \/>\n<meta name=\"author\" content=\"cna_admin\" \/>\n<meta name=\"twitter:label1\" content=\"Written by\" \/>\n\t<meta name=\"twitter:data1\" content=\"cna_admin\" \/>\n\t<meta name=\"twitter:label2\" content=\"Est. reading time\" \/>\n\t<meta name=\"twitter:data2\" content=\"3 minutes\" \/>\n<script type=\"application\/ld+json\" class=\"yoast-schema-graph\">{\"@context\":\"https:\\\/\\\/schema.org\",\"@graph\":[{\"@type\":\"Article\",\"@id\":\"https:\\\/\\\/cna.ca\\\/fr\\\/2017\\\/09\\\/25\\\/le-president-de-lanc-prononcera-un-discours-dans-le-cadre-du-sommet-sur-les-entreprises-durables-de-bloomberg-toronto\\\/#article\",\"isPartOf\":{\"@id\":\"https:\\\/\\\/cna.ca\\\/fr\\\/2017\\\/09\\\/25\\\/le-president-de-lanc-prononcera-un-discours-dans-le-cadre-du-sommet-sur-les-entreprises-durables-de-bloomberg-toronto\\\/\"},\"author\":{\"name\":\"cna_admin\",\"@id\":\"https:\\\/\\\/cna.ca\\\/fr\\\/#\\\/schema\\\/person\\\/b0c8179b9b04ade90057bc7a30b2fbd2\"},\"headline\":\"LE PR\u00c9SIDENT DE L&#8217;ANC PRONONCERA UN DISCOURS DANS LE CADRE DU SOMMET SUR LES ENTREPRISES DURABLES DE BLOOMBERG \u00c0&nbsp;TORONTO\",\"datePublished\":\"2017-09-25T18:22:32+00:00\",\"dateModified\":\"2020-03-10T17:55:01+00:00\",\"mainEntityOfPage\":{\"@id\":\"https:\\\/\\\/cna.ca\\\/fr\\\/2017\\\/09\\\/25\\\/le-president-de-lanc-prononcera-un-discours-dans-le-cadre-du-sommet-sur-les-entreprises-durables-de-bloomberg-toronto\\\/\"},\"wordCount\":568,\"publisher\":{\"@id\":\"https:\\\/\\\/cna.ca\\\/fr\\\/#organization\"},\"articleSection\":[\"Communiqu\u00e9s de presse\",\"News Releases\",\"What's new\"],\"inLanguage\":\"fr-FR\"},{\"@type\":\"WebPage\",\"@id\":\"https:\\\/\\\/cna.ca\\\/fr\\\/2017\\\/09\\\/25\\\/le-president-de-lanc-prononcera-un-discours-dans-le-cadre-du-sommet-sur-les-entreprises-durables-de-bloomberg-toronto\\\/\",\"url\":\"https:\\\/\\\/cna.ca\\\/fr\\\/2017\\\/09\\\/25\\\/le-president-de-lanc-prononcera-un-discours-dans-le-cadre-du-sommet-sur-les-entreprises-durables-de-bloomberg-toronto\\\/\",\"name\":\"LE PR\u00c9SIDENT DE L'ANC PRONONCERA UN DISCOURS DANS LE CADRE DU SOMMET SUR LES ENTREPRISES DURABLES DE BLOOMBERG \u00c0 TORONTO - Association nucl\u00e9aire canadienne\",\"isPartOf\":{\"@id\":\"https:\\\/\\\/cna.ca\\\/fr\\\/#website\"},\"datePublished\":\"2017-09-25T18:22:32+00:00\",\"dateModified\":\"2020-03-10T17:55:01+00:00\",\"breadcrumb\":{\"@id\":\"https:\\\/\\\/cna.ca\\\/fr\\\/2017\\\/09\\\/25\\\/le-president-de-lanc-prononcera-un-discours-dans-le-cadre-du-sommet-sur-les-entreprises-durables-de-bloomberg-toronto\\\/#breadcrumb\"},\"inLanguage\":\"fr-FR\",\"potentialAction\":[{\"@type\":\"ReadAction\",\"target\":[\"https:\\\/\\\/cna.ca\\\/fr\\\/2017\\\/09\\\/25\\\/le-president-de-lanc-prononcera-un-discours-dans-le-cadre-du-sommet-sur-les-entreprises-durables-de-bloomberg-toronto\\\/\"]}]},{\"@type\":\"BreadcrumbList\",\"@id\":\"https:\\\/\\\/cna.ca\\\/fr\\\/2017\\\/09\\\/25\\\/le-president-de-lanc-prononcera-un-discours-dans-le-cadre-du-sommet-sur-les-entreprises-durables-de-bloomberg-toronto\\\/#breadcrumb\",\"itemListElement\":[{\"@type\":\"ListItem\",\"position\":1,\"name\":\"Home\",\"item\":\"https:\\\/\\\/cna.ca\\\/fr\\\/\"},{\"@type\":\"ListItem\",\"position\":2,\"name\":\"LE PR\u00c9SIDENT DE L&#8217;ANC PRONONCERA UN DISCOURS DANS LE CADRE DU SOMMET SUR LES ENTREPRISES DURABLES DE BLOOMBERG \u00c0&nbsp;TORONTO\"}]},{\"@type\":\"WebSite\",\"@id\":\"https:\\\/\\\/cna.ca\\\/fr\\\/#website\",\"url\":\"https:\\\/\\\/cna.ca\\\/fr\\\/\",\"name\":\"Canadian Nuclear Association\",\"description\":\"The national voice of the Canadian nuclear industry since 1960\",\"publisher\":{\"@id\":\"https:\\\/\\\/cna.ca\\\/fr\\\/#organization\"},\"potentialAction\":[{\"@type\":\"SearchAction\",\"target\":{\"@type\":\"EntryPoint\",\"urlTemplate\":\"https:\\\/\\\/cna.ca\\\/fr\\\/?s={search_term_string}\"},\"query-input\":{\"@type\":\"PropertyValueSpecification\",\"valueRequired\":true,\"valueName\":\"search_term_string\"}}],\"inLanguage\":\"fr-FR\"},{\"@type\":\"Organization\",\"@id\":\"https:\\\/\\\/cna.ca\\\/fr\\\/#organization\",\"name\":\"Canadian Nuclear Association\",\"url\":\"https:\\\/\\\/cna.ca\\\/fr\\\/\",\"logo\":{\"@type\":\"ImageObject\",\"inLanguage\":\"fr-FR\",\"@id\":\"https:\\\/\\\/cna.ca\\\/fr\\\/#\\\/schema\\\/logo\\\/image\\\/\",\"url\":\"https:\\\/\\\/cna.ca\\\/wp-content\\\/uploads\\\/2023\\\/12\\\/cropped-cna-logo-only.png\",\"contentUrl\":\"https:\\\/\\\/cna.ca\\\/wp-content\\\/uploads\\\/2023\\\/12\\\/cropped-cna-logo-only.png\",\"width\":512,\"height\":512,\"caption\":\"Canadian Nuclear Association\"},\"image\":{\"@id\":\"https:\\\/\\\/cna.ca\\\/fr\\\/#\\\/schema\\\/logo\\\/image\\\/\"},\"sameAs\":[\"http:\\\/\\\/www.facebook.com\\\/canadanuclear\",\"https:\\\/\\\/x.com\\\/canadanuclear\",\"https:\\\/\\\/www.instagram.com\\\/canadanuclear\",\"https:\\\/\\\/www.youtube.com\\\/CanadaNuclear\",\"http:\\\/\\\/www.linkedin.com\\\/company\\\/canadian-nuclear-association\"]},{\"@type\":\"Person\",\"@id\":\"https:\\\/\\\/cna.ca\\\/fr\\\/#\\\/schema\\\/person\\\/b0c8179b9b04ade90057bc7a30b2fbd2\",\"name\":\"cna_admin\",\"url\":\"https:\\\/\\\/cna.ca\\\/fr\\\/author\\\/cna_admin\\\/\"}]}<\/script>\n<!-- \/ Yoast SEO plugin. -->","yoast_head_json":{"title":"LE PR\u00c9SIDENT DE L'ANC PRONONCERA UN DISCOURS DANS LE CADRE DU SOMMET SUR LES ENTREPRISES DURABLES DE BLOOMBERG \u00c0 TORONTO - Association nucl\u00e9aire canadienne","robots":{"index":"index","follow":"follow","max-snippet":"max-snippet:-1","max-image-preview":"max-image-preview:large","max-video-preview":"max-video-preview:-1"},"canonical":"https:\/\/cna.ca\/fr\/2017\/09\/25\/le-president-de-lanc-prononcera-un-discours-dans-le-cadre-du-sommet-sur-les-entreprises-durables-de-bloomberg-toronto\/","og_locale":"fr_FR","og_type":"article","og_title":"LE PR\u00c9SIDENT DE L'ANC PRONONCERA UN DISCOURS DANS LE CADRE DU SOMMET SUR LES ENTREPRISES DURABLES DE BLOOMBERG \u00c0 TORONTO - Association nucl\u00e9aire canadienne","og_description":"OTTAWA (le 25\u00a0sept. 2017)\u00a0\u2013 Bloomberg tiendra un sommet sur les entreprises durables \u00e0\u00a0Toronto\u00a0cette semaine afin de discuter de la transformation du\u00a0Canada\u00a0en mati\u00e8re d&#8217;\u00e9nergie renouvelable. La conf\u00e9rence d&#8217;une journ\u00e9e se penchera sur les d\u00e9fis auxquels fait face notre secteur \u00e9nerg\u00e9tique, sur la mani\u00e8re dont ils sont relev\u00e9s et sur la fa\u00e7on dont l&#8217;industrie peut collaborer avec [&hellip;]","og_url":"https:\/\/cna.ca\/fr\/2017\/09\/25\/le-president-de-lanc-prononcera-un-discours-dans-le-cadre-du-sommet-sur-les-entreprises-durables-de-bloomberg-toronto\/","og_site_name":"Association nucl\u00e9aire canadienne","article_publisher":"http:\/\/www.facebook.com\/canadanuclear","article_published_time":"2017-09-25T18:22:32+00:00","article_modified_time":"2020-03-10T17:55:01+00:00","author":"cna_admin","twitter_misc":{"Written by":"cna_admin","Est. reading time":"3 minutes"},"schema":{"@context":"https:\/\/schema.org","@graph":[{"@type":"Article","@id":"https:\/\/cna.ca\/fr\/2017\/09\/25\/le-president-de-lanc-prononcera-un-discours-dans-le-cadre-du-sommet-sur-les-entreprises-durables-de-bloomberg-toronto\/#article","isPartOf":{"@id":"https:\/\/cna.ca\/fr\/2017\/09\/25\/le-president-de-lanc-prononcera-un-discours-dans-le-cadre-du-sommet-sur-les-entreprises-durables-de-bloomberg-toronto\/"},"author":{"name":"cna_admin","@id":"https:\/\/cna.ca\/fr\/#\/schema\/person\/b0c8179b9b04ade90057bc7a30b2fbd2"},"headline":"LE PR\u00c9SIDENT DE L&#8217;ANC PRONONCERA UN DISCOURS DANS LE CADRE DU SOMMET SUR LES ENTREPRISES DURABLES DE BLOOMBERG \u00c0&nbsp;TORONTO","datePublished":"2017-09-25T18:22:32+00:00","dateModified":"2020-03-10T17:55:01+00:00","mainEntityOfPage":{"@id":"https:\/\/cna.ca\/fr\/2017\/09\/25\/le-president-de-lanc-prononcera-un-discours-dans-le-cadre-du-sommet-sur-les-entreprises-durables-de-bloomberg-toronto\/"},"wordCount":568,"publisher":{"@id":"https:\/\/cna.ca\/fr\/#organization"},"articleSection":["Communiqu\u00e9s de presse","News Releases","What's new"],"inLanguage":"fr-FR"},{"@type":"WebPage","@id":"https:\/\/cna.ca\/fr\/2017\/09\/25\/le-president-de-lanc-prononcera-un-discours-dans-le-cadre-du-sommet-sur-les-entreprises-durables-de-bloomberg-toronto\/","url":"https:\/\/cna.ca\/fr\/2017\/09\/25\/le-president-de-lanc-prononcera-un-discours-dans-le-cadre-du-sommet-sur-les-entreprises-durables-de-bloomberg-toronto\/","name":"LE PR\u00c9SIDENT DE L'ANC PRONONCERA UN DISCOURS DANS LE CADRE DU SOMMET SUR LES ENTREPRISES DURABLES DE BLOOMBERG \u00c0 TORONTO - Association nucl\u00e9aire canadienne","isPartOf":{"@id":"https:\/\/cna.ca\/fr\/#website"},"datePublished":"2017-09-25T18:22:32+00:00","dateModified":"2020-03-10T17:55:01+00:00","breadcrumb":{"@id":"https:\/\/cna.ca\/fr\/2017\/09\/25\/le-president-de-lanc-prononcera-un-discours-dans-le-cadre-du-sommet-sur-les-entreprises-durables-de-bloomberg-toronto\/#breadcrumb"},"inLanguage":"fr-FR","potentialAction":[{"@type":"ReadAction","target":["https:\/\/cna.ca\/fr\/2017\/09\/25\/le-president-de-lanc-prononcera-un-discours-dans-le-cadre-du-sommet-sur-les-entreprises-durables-de-bloomberg-toronto\/"]}]},{"@type":"BreadcrumbList","@id":"https:\/\/cna.ca\/fr\/2017\/09\/25\/le-president-de-lanc-prononcera-un-discours-dans-le-cadre-du-sommet-sur-les-entreprises-durables-de-bloomberg-toronto\/#breadcrumb","itemListElement":[{"@type":"ListItem","position":1,"name":"Home","item":"https:\/\/cna.ca\/fr\/"},{"@type":"ListItem","position":2,"name":"LE PR\u00c9SIDENT DE L&#8217;ANC PRONONCERA UN DISCOURS DANS LE CADRE DU SOMMET SUR LES ENTREPRISES DURABLES DE BLOOMBERG \u00c0&nbsp;TORONTO"}]},{"@type":"WebSite","@id":"https:\/\/cna.ca\/fr\/#website","url":"https:\/\/cna.ca\/fr\/","name":"Canadian Nuclear Association","description":"The national voice of the Canadian nuclear industry since 1960","publisher":{"@id":"https:\/\/cna.ca\/fr\/#organization"},"potentialAction":[{"@type":"SearchAction","target":{"@type":"EntryPoint","urlTemplate":"https:\/\/cna.ca\/fr\/?s={search_term_string}"},"query-input":{"@type":"PropertyValueSpecification","valueRequired":true,"valueName":"search_term_string"}}],"inLanguage":"fr-FR"},{"@type":"Organization","@id":"https:\/\/cna.ca\/fr\/#organization","name":"Canadian Nuclear Association","url":"https:\/\/cna.ca\/fr\/","logo":{"@type":"ImageObject","inLanguage":"fr-FR","@id":"https:\/\/cna.ca\/fr\/#\/schema\/logo\/image\/","url":"https:\/\/cna.ca\/wp-content\/uploads\/2023\/12\/cropped-cna-logo-only.png","contentUrl":"https:\/\/cna.ca\/wp-content\/uploads\/2023\/12\/cropped-cna-logo-only.png","width":512,"height":512,"caption":"Canadian Nuclear Association"},"image":{"@id":"https:\/\/cna.ca\/fr\/#\/schema\/logo\/image\/"},"sameAs":["http:\/\/www.facebook.com\/canadanuclear","https:\/\/x.com\/canadanuclear","https:\/\/www.instagram.com\/canadanuclear","https:\/\/www.youtube.com\/CanadaNuclear","http:\/\/www.linkedin.com\/company\/canadian-nuclear-association"]},{"@type":"Person","@id":"https:\/\/cna.ca\/fr\/#\/schema\/person\/b0c8179b9b04ade90057bc7a30b2fbd2","name":"cna_admin","url":"https:\/\/cna.ca\/fr\/author\/cna_admin\/"}]}},"_links":{"self":[{"href":"https:\/\/cna.ca\/fr\/wp-json\/wp\/v2\/posts\/17086","targetHints":{"allow":["GET"]}}],"collection":[{"href":"https:\/\/cna.ca\/fr\/wp-json\/wp\/v2\/posts"}],"about":[{"href":"https:\/\/cna.ca\/fr\/wp-json\/wp\/v2\/types\/post"}],"author":[{"embeddable":true,"href":"https:\/\/cna.ca\/fr\/wp-json\/wp\/v2\/users\/1"}],"replies":[{"embeddable":true,"href":"https:\/\/cna.ca\/fr\/wp-json\/wp\/v2\/comments?post=17086"}],"version-history":[{"count":1,"href":"https:\/\/cna.ca\/fr\/wp-json\/wp\/v2\/posts\/17086\/revisions"}],"predecessor-version":[{"id":25371,"href":"https:\/\/cna.ca\/fr\/wp-json\/wp\/v2\/posts\/17086\/revisions\/25371"}],"wp:attachment":[{"href":"https:\/\/cna.ca\/fr\/wp-json\/wp\/v2\/media?parent=17086"}],"wp:term":[{"taxonomy":"category","embeddable":true,"href":"https:\/\/cna.ca\/fr\/wp-json\/wp\/v2\/categories?post=17086"},{"taxonomy":"post_tag","embeddable":true,"href":"https:\/\/cna.ca\/fr\/wp-json\/wp\/v2\/tags?post=17086"},{"taxonomy":"topic","embeddable":true,"href":"https:\/\/cna.ca\/fr\/wp-json\/wp\/v2\/topic?post=17086"}],"curies":[{"name":"wp","href":"https:\/\/api.w.org\/{rel}","templated":true}]}}